{"id":15093,"date":"2021-04-27T00:21:26","date_gmt":"2021-04-27T00:21:26","guid":{"rendered":"https:\/\/oparanews.com.br\/?p=15093"},"modified":"2021-04-27T00:21:26","modified_gmt":"2021-04-27T00:21:26","slug":"inscricoes-para-auxilio-a-trabalhadores-do-corte-de-cana-estao-abertas-na-semada-penedo","status":"publish","type":"post","link":"https:\/\/www.oparanews.com.br\/index.php\/2021\/04\/27\/inscricoes-para-auxilio-a-trabalhadores-do-corte-de-cana-estao-abertas-na-semada-penedo\/","title":{"rendered":"Inscri\u00e7\u00f5es para auxilio a trabalhadores do corte de cana est\u00e3o abertas na SEMADA Penedo"},"content":{"rendered":"<p>Est\u00e3o abertas em Penedo as inscri\u00e7\u00f5es para programa Amigo Trabalhador, que auxilia trabalhadores do corte de cana com bolsa durante o per\u00edodo de entressafra.<\/p>\n<p>O anuncio foi feito pelo Secret\u00e1rio Municipal de Abastecimento e Desenvolvimento Agr\u00edcola Pedro Felipe Queiroz.<\/p>\n<p>Os trabalhadores que tenham exercido atividade de corte de cana, em pelo menos 30 dias no ano de 2020 ter\u00e3o direito ao benef\u00edcio de R$ 130 reais mensais, durante quatro meses, ofertado pelo Governo do Alagoas, por meio da Secretaria de Estado do Trabalho e Emprego.<\/p>\n<p>De acordo com Pedro Felipe Queiroz, para se inscrever, o trabalhador precisa se dirigir a sede da SEMADA, localizada na Avenida Wanderley, pr\u00f3ximo a Unidade em Refer\u00eancia em S\u00edndromes Gripais, das 7h30 \u00e0s 13h30, portando comprovante de resid\u00eancia, RG, CPF e comprovante do registro de trabalho.<\/p>\n<p>Al\u00e9m do aux\u00edlio financeiro, o programa prev\u00ea capacita\u00e7\u00f5es que a Secretaria Estadual do Trabalho e Emprego ir\u00e1 ministrar em Penedo. As inscri\u00e7\u00f5es ser\u00e3o encerradas no pr\u00f3ximo dia 11 de maio.<\/p>\n<p>O Programa Amigo Trabalhador tem o objetivo de combater os efeitos do desemprego sazonal, decorrentes da entressafra, visando a gera\u00e7\u00e3o de renda e melhoria da qualidade de vida para esses trabalhadores rurais.<\/p>\n<p>&nbsp;<\/p>\n<p><strong>Fonte: Decom &#8211; PMP<\/strong><\/p>\n<p>&nbsp;<\/p>\n","protected":false},"excerpt":{"rendered":"<p>Est\u00e3o abertas em Penedo as inscri\u00e7\u00f5es para programa Amigo Trabalhador, que auxilia trabalhadores do corte de cana com bolsa durante o per\u00edodo de entressafra. O anuncio foi feito pelo Secret\u00e1rio Municipal de Abastecimento e Desenvolvimento Agr\u00edcola Pedro Felipe Queiroz. Os trabalhadores que tenham exercido atividade de corte de cana, em pelo menos 30 dias no &hellip;<\/p>\n","protected":false},"author":1,"featured_media":15094,"comment_status":"closed","ping_status":"closed","sticky":false,"template":"","format":"standard","meta":{"_jetpack_newsletter_access":"","_jetpack_dont_email_post_to_subs":false,"_jetpack_newsletter_tier_id":0,"_jetpack_memberships_contains_paywalled_content":false,"_jetpack_memberships_contains_paid_content":false,"footnotes":""},"categories":[1],"tags":[],"class_list":["post-15093","post","type-post","status-publish","format-standard","has-post-thumbnail","hentry","category-destaque"],"jetpack_sharing_enabled":true,"jetpack_featured_media_url":"","_links":{"self":[{"href":"https:\/\/www.oparanews.com.br\/index.php\/wp-json\/wp\/v2\/posts\/15093","targetHints":{"allow":["GET"]}}],"collection":[{"href":"https:\/\/www.oparanews.com.br\/index.php\/wp-json\/wp\/v2\/posts"}],"about":[{"href":"https:\/\/www.oparanews.com.br\/index.php\/wp-json\/wp\/v2\/types\/post"}],"author":[{"embeddable":true,"href":"https:\/\/www.oparanews.com.br\/index.php\/wp-json\/wp\/v2\/users\/1"}],"replies":[{"embeddable":true,"href":"https:\/\/www.oparanews.com.br\/index.php\/wp-json\/wp\/v2\/comments?post=15093"}],"version-history":[{"count":0,"href":"https:\/\/www.oparanews.com.br\/index.php\/wp-json\/wp\/v2\/posts\/15093\/revisions"}],"wp:attachment":[{"href":"https:\/\/www.oparanews.com.br\/index.php\/wp-json\/wp\/v2\/media?parent=15093"}],"wp:term":[{"taxonomy":"category","embeddable":true,"href":"https:\/\/www.oparanews.com.br\/index.php\/wp-json\/wp\/v2\/categories?post=15093"},{"taxonomy":"post_tag","embeddable":true,"href":"https:\/\/www.oparanews.com.br\/index.php\/wp-json\/wp\/v2\/tags?post=15093"}],"curies":[{"name":"wp","href":"https:\/\/api.w.org\/{rel}","templated":true}]}}