{"id":15099,"date":"2021-04-27T00:53:34","date_gmt":"2021-04-27T00:53:34","guid":{"rendered":"https:\/\/oparanews.com.br\/?p=15099"},"modified":"2021-04-27T00:53:34","modified_gmt":"2021-04-27T00:53:34","slug":"paulo-gustavo-tem-melhora-na-funcao-pulmonar","status":"publish","type":"post","link":"https:\/\/www.oparanews.com.br\/index.php\/2021\/04\/27\/paulo-gustavo-tem-melhora-na-funcao-pulmonar\/","title":{"rendered":"Paulo Gustavo tem melhora na fun\u00e7\u00e3o pulmonar"},"content":{"rendered":"<p>Um novo boletim sobre o estado de sa\u00fade de Paulo Gustavo foi divulgado por sua assessoria de imprensa nesta segunda-feira (26).<\/p>\n<p>O comunicado afirma que, apesar de ainda estar em situa\u00e7\u00e3o grave e intubado, o ator &#8211; que foi internado em 13 de mar\u00e7o por conta da Covid-19 &#8211; tem apresentado sinais de recupera\u00e7\u00e3o e que &#8220;h\u00e1 cerca de sete dias n\u00e3o surgem complica\u00e7\u00f5es relevantes&#8221;.<\/p>\n<p>Tamb\u00e9m foi detectada uma pneumonia bacteriana no \u00faltimo domingo (25), mas que est\u00e1 sendo &#8220;efetivamente tratada&#8221;. O boletim afirma ainda que &#8220;o paciente mostra sinais discretos de intera\u00e7\u00e3o com o meio, apesar do uso de sedativos.&#8221;<\/p>\n<p>&nbsp;<\/p>\n<p><strong>Fonte: Quem<\/strong><\/p>\n<p>&nbsp;<\/p>\n","protected":false},"excerpt":{"rendered":"<p>Um novo boletim sobre o estado de sa\u00fade de Paulo Gustavo foi divulgado por sua assessoria de imprensa nesta segunda-feira (26). O comunicado afirma que, apesar de ainda estar em situa\u00e7\u00e3o grave e intubado, o ator &#8211; que foi internado em 13 de mar\u00e7o por conta da Covid-19 &#8211; tem apresentado sinais de recupera\u00e7\u00e3o e &hellip;<\/p>\n","protected":false},"author":1,"featured_media":15100,"comment_status":"closed","ping_status":"closed","sticky":false,"template":"","format":"standard","meta":{"_jetpack_newsletter_access":"","_jetpack_dont_email_post_to_subs":false,"_jetpack_newsletter_tier_id":0,"_jetpack_memberships_contains_paywalled_content":false,"_jetpack_memberships_contains_paid_content":false,"footnotes":""},"categories":[1],"tags":[],"class_list":["post-15099","post","type-post","status-publish","format-standard","has-post-thumbnail","hentry","category-destaque"],"jetpack_sharing_enabled":true,"jetpack_featured_media_url":"","_links":{"self":[{"href":"https:\/\/www.oparanews.com.br\/index.php\/wp-json\/wp\/v2\/posts\/15099","targetHints":{"allow":["GET"]}}],"collection":[{"href":"https:\/\/www.oparanews.com.br\/index.php\/wp-json\/wp\/v2\/posts"}],"about":[{"href":"https:\/\/www.oparanews.com.br\/index.php\/wp-json\/wp\/v2\/types\/post"}],"author":[{"embeddable":true,"href":"https:\/\/www.oparanews.com.br\/index.php\/wp-json\/wp\/v2\/users\/1"}],"replies":[{"embeddable":true,"href":"https:\/\/www.oparanews.com.br\/index.php\/wp-json\/wp\/v2\/comments?post=15099"}],"version-history":[{"count":0,"href":"https:\/\/www.oparanews.com.br\/index.php\/wp-json\/wp\/v2\/posts\/15099\/revisions"}],"wp:attachment":[{"href":"https:\/\/www.oparanews.com.br\/index.php\/wp-json\/wp\/v2\/media?parent=15099"}],"wp:term":[{"taxonomy":"category","embeddable":true,"href":"https:\/\/www.oparanews.com.br\/index.php\/wp-json\/wp\/v2\/categories?post=15099"},{"taxonomy":"post_tag","embeddable":true,"href":"https:\/\/www.oparanews.com.br\/index.php\/wp-json\/wp\/v2\/tags?post=15099"}],"curies":[{"name":"wp","href":"https:\/\/api.w.org\/{rel}","templated":true}]}}