{"id":15102,"date":"2021-04-27T01:35:19","date_gmt":"2021-04-27T01:35:19","guid":{"rendered":"https:\/\/oparanews.com.br\/?p=15102"},"modified":"2021-04-27T01:35:19","modified_gmt":"2021-04-27T01:35:19","slug":"secretario-solicita-compreensao-da-populacao-para-o-descarte-do-lixo","status":"publish","type":"post","link":"https:\/\/www.oparanews.com.br\/index.php\/2021\/04\/27\/secretario-solicita-compreensao-da-populacao-para-o-descarte-do-lixo\/","title":{"rendered":"Secret\u00e1rio solicita compreens\u00e3o da popula\u00e7\u00e3o para o descarte do lixo"},"content":{"rendered":"<p>Em uma publica\u00e7\u00e3o na rede social, o secret\u00e1rio de Servi\u00e7os P\u00fablicos de Penedo, Ivo Costa, solicita da popula\u00e7\u00e3o mais compreens\u00e3o no que diz respeito ao descarte de lixo na cidade.<\/p>\n<p>Segundo Ivo Costa, o mutir\u00e3o de limpeza feito pela secretaria vem identificando v\u00e1rios pontos irregulares de lixo.<\/p>\n<p>Confira abaixo o comunicado:<\/p>\n<p><em><strong>Iniciamos a semana com bastante trabalho!<\/strong><\/em><\/p>\n<p><em><strong>O Secret\u00e1rio Ivo Costa vem por meio deste, pedi a compreens\u00e3o de toda a Popula\u00e7\u00e3o da nossa Cidade, que por gentileza vamos nos ajudar a manter a nossa cidade limpa, estamos fazendo diariamente limpezas em terrenos onde s\u00e3o descartados lixos em locais inapropriados onde geram esses tipos de lix\u00f5es ent\u00e3o viemos pedir esse apoio da nossa popula\u00e7\u00e3o!<\/strong><\/em><\/p>\n<p><em><strong>A secretaria de Servi\u00e7os p\u00fablicos vem fazendo sua parte fa\u00e7a voc\u00ea tamb\u00e9m a sua.<\/strong><\/em><\/p>\n<p><em><strong>Desde j\u00e1 Agradecemos a colabora\u00e7\u00e3o de todos voc\u00eas !<\/strong><\/em><\/p>\n<p>&nbsp;<\/p>\n<p><strong>por Reda\u00e7\u00e3o<\/strong><\/p>\n<div style=\"width: 480px;\" class=\"wp-video\"><video class=\"wp-video-shortcode\" id=\"video-15102-1\" width=\"480\" height=\"848\" autoplay preload=\"auto\" controls=\"controls\"><source type=\"video\/mp4\" src=\"https:\/\/oparanews.com.br\/wp-content\/uploads\/2021\/04\/WhatsApp-Video-2021-04-26-at-21.50.24.mp4?_=1\" \/><a href=\"https:\/\/oparanews.com.br\/wp-content\/uploads\/2021\/04\/WhatsApp-Video-2021-04-26-at-21.50.24.mp4\">https:\/\/oparanews.com.br\/wp-content\/uploads\/2021\/04\/WhatsApp-Video-2021-04-26-at-21.50.24.mp4<\/a><\/video><\/div>\n<p>&nbsp;<\/p>\n","protected":false},"excerpt":{"rendered":"<p>Em uma publica\u00e7\u00e3o na rede social, o secret\u00e1rio de Servi\u00e7os P\u00fablicos de Penedo, Ivo Costa, solicita da popula\u00e7\u00e3o mais compreens\u00e3o no que diz respeito ao descarte de lixo na cidade. Segundo Ivo Costa, o mutir\u00e3o de limpeza feito pela secretaria vem identificando v\u00e1rios pontos irregulares de lixo. Confira abaixo o comunicado: Iniciamos a semana com &hellip;<\/p>\n","protected":false},"author":1,"featured_media":15105,"comment_status":"closed","ping_status":"closed","sticky":false,"template":"","format":"standard","meta":{"_jetpack_newsletter_access":"","_jetpack_dont_email_post_to_subs":false,"_jetpack_newsletter_tier_id":0,"_jetpack_memberships_contains_paywalled_content":false,"_jetpack_memberships_contains_paid_content":false,"footnotes":""},"categories":[1],"tags":[],"class_list":["post-15102","post","type-post","status-publish","format-standard","has-post-thumbnail","hentry","category-destaque"],"jetpack_sharing_enabled":true,"jetpack_featured_media_url":"","_links":{"self":[{"href":"https:\/\/www.oparanews.com.br\/index.php\/wp-json\/wp\/v2\/posts\/15102","targetHints":{"allow":["GET"]}}],"collection":[{"href":"https:\/\/www.oparanews.com.br\/index.php\/wp-json\/wp\/v2\/posts"}],"about":[{"href":"https:\/\/www.oparanews.com.br\/index.php\/wp-json\/wp\/v2\/types\/post"}],"author":[{"embeddable":true,"href":"https:\/\/www.oparanews.com.br\/index.php\/wp-json\/wp\/v2\/users\/1"}],"replies":[{"embeddable":true,"href":"https:\/\/www.oparanews.com.br\/index.php\/wp-json\/wp\/v2\/comments?post=15102"}],"version-history":[{"count":0,"href":"https:\/\/www.oparanews.com.br\/index.php\/wp-json\/wp\/v2\/posts\/15102\/revisions"}],"wp:attachment":[{"href":"https:\/\/www.oparanews.com.br\/index.php\/wp-json\/wp\/v2\/media?parent=15102"}],"wp:term":[{"taxonomy":"category","embeddable":true,"href":"https:\/\/www.oparanews.com.br\/index.php\/wp-json\/wp\/v2\/categories?post=15102"},{"taxonomy":"post_tag","embeddable":true,"href":"https:\/\/www.oparanews.com.br\/index.php\/wp-json\/wp\/v2\/tags?post=15102"}],"curies":[{"name":"wp","href":"https:\/\/api.w.org\/{rel}","templated":true}]}}