{"id":15109,"date":"2021-04-27T12:13:20","date_gmt":"2021-04-27T12:13:20","guid":{"rendered":"https:\/\/oparanews.com.br\/?p=15109"},"modified":"2021-04-27T12:13:20","modified_gmt":"2021-04-27T12:13:20","slug":"mais-uma-morte-por-covid-19-e-registrada-em-penedo","status":"publish","type":"post","link":"https:\/\/www.oparanews.com.br\/index.php\/2021\/04\/27\/mais-uma-morte-por-covid-19-e-registrada-em-penedo\/","title":{"rendered":"Mais uma morte por Covid-19 \u00e9 registrada em Penedo"},"content":{"rendered":"<p>A Secretaria Municipal de Sa\u00fade (SEMS), divulgou desta segunda-feira (26), o Boletim Epidemiol\u00f3gico atualizado diariamente sobre a pandemia de Covid-19 no munic\u00edpio.<\/p>\n<p>De acordo com o Boletim Epidemiol\u00f3gico mais recente, em Penedo foram confirmados 3048 casos da doen\u00e7a oriunda do novo coronav\u00edrus.<\/p>\n<p>Desse total, 2874 pessoas se recuperaram da doen\u00e7a ap\u00f3s passarem pelos cuidados m\u00e9dicos.<\/p>\n<p>A Secretaria Estadual de Sa\u00fade (SESAU) confirmou mais um \u00f3bito por Covid-19 em Penedo, sendo a v\u00edtima residente no Povoado Ponta Mofina, zona rural do munic\u00edpio.<\/p>\n<p>De acordo com a SESAU, trata-se de um homem, 59 anos, ele tinha doen\u00e7a cardiovascular e diabetes . Com essa nova atualiza\u00e7\u00e3o, totalizam 32 \u00f3bitos por Covid-19 no munic\u00edpio.<\/p>\n<p>Os n\u00fameros recentes tamb\u00e9m indicam que 2800 casos foram descartados ap\u00f3s constatado n\u00e3o serem Covid-19.<\/p>\n<p><strong>Unidade de Refer\u00eancia em S\u00edndromes Gripais<\/strong><\/p>\n<p>Na Unidade de Refer\u00eancia em S\u00edndromes Gripais durante desta segunda-feira (26), ocorreram 144 atendimentos, com a realiza\u00e7\u00e3o de 55 testes r\u00e1pidos, que resultaram em 28 diagn\u00f3sticos positivos e 27 negativos.<\/p>\n<p>A Prefeitura de Penedo informa que a Unidade de S\u00edndromes Gripais localizada na Avenida Wanderlei, nas proximidades do trevo da \u201cToca do \u00cdndio\u201d, est\u00e1 funcionando de Segunda a S\u00e1bado das 7h \u00e0s 17h.<\/p>\n<p>A popula\u00e7\u00e3o deve procurar o centro especializado ao notar os primeiros sintomas de Covid-19.<\/p>\n<p>Tamb\u00e9m alerta a popula\u00e7\u00e3o penedense para a import\u00e2ncia da manuten\u00e7\u00e3o do distanciamento social como medida preventiva, o uso de m\u00e1scaras e a ado\u00e7\u00e3o de medidas de higiene, a exemplo de lavar corretamente as m\u00e3os e utilizar \u00e1lcool 70%.<\/p>\n<p><strong>Casos por localidades<\/strong><\/p>\n<p>O Boletim Epidemiol\u00f3gico desta segunda-feira (26), tamb\u00e9m mostra o n\u00famero de casos33 por localidade.<\/p>\n<p>Na frente da contabiliza\u00e7\u00e3o est\u00e1 o Bairro Dom Constantino com 956 casos, situa\u00e7\u00e3o que se mant\u00e9m desde o in\u00edcio da pandemia. Logo em seguida est\u00e1 o Bairro Santa Luzia com 581 e o Centro da cidade com 417.<\/p>\n<p>&nbsp;<\/p>\n<p><strong>Fonte: Decom &#8211; PMP<\/strong><\/p>\n<p>&nbsp;<\/p>\n","protected":false},"excerpt":{"rendered":"<p>A Secretaria Municipal de Sa\u00fade (SEMS), divulgou desta segunda-feira (26), o Boletim Epidemiol\u00f3gico atualizado diariamente sobre a pandemia de Covid-19 no munic\u00edpio. De acordo com o Boletim Epidemiol\u00f3gico mais recente, em Penedo foram confirmados 3048 casos da doen\u00e7a oriunda do novo coronav\u00edrus. Desse total, 2874 pessoas se recuperaram da doen\u00e7a ap\u00f3s passarem pelos cuidados m\u00e9dicos. &hellip;<\/p>\n","protected":false},"author":1,"featured_media":15110,"comment_status":"closed","ping_status":"closed","sticky":false,"template":"","format":"standard","meta":{"_jetpack_newsletter_access":"","_jetpack_dont_email_post_to_subs":false,"_jetpack_newsletter_tier_id":0,"_jetpack_memberships_contains_paywalled_content":false,"_jetpack_memberships_contains_paid_content":false,"footnotes":""},"categories":[1],"tags":[],"class_list":["post-15109","post","type-post","status-publish","format-standard","has-post-thumbnail","hentry","category-destaque"],"jetpack_sharing_enabled":true,"jetpack_featured_media_url":"","_links":{"self":[{"href":"https:\/\/www.oparanews.com.br\/index.php\/wp-json\/wp\/v2\/posts\/15109","targetHints":{"allow":["GET"]}}],"collection":[{"href":"https:\/\/www.oparanews.com.br\/index.php\/wp-json\/wp\/v2\/posts"}],"about":[{"href":"https:\/\/www.oparanews.com.br\/index.php\/wp-json\/wp\/v2\/types\/post"}],"author":[{"embeddable":true,"href":"https:\/\/www.oparanews.com.br\/index.php\/wp-json\/wp\/v2\/users\/1"}],"replies":[{"embeddable":true,"href":"https:\/\/www.oparanews.com.br\/index.php\/wp-json\/wp\/v2\/comments?post=15109"}],"version-history":[{"count":0,"href":"https:\/\/www.oparanews.com.br\/index.php\/wp-json\/wp\/v2\/posts\/15109\/revisions"}],"wp:attachment":[{"href":"https:\/\/www.oparanews.com.br\/index.php\/wp-json\/wp\/v2\/media?parent=15109"}],"wp:term":[{"taxonomy":"category","embeddable":true,"href":"https:\/\/www.oparanews.com.br\/index.php\/wp-json\/wp\/v2\/categories?post=15109"},{"taxonomy":"post_tag","embeddable":true,"href":"https:\/\/www.oparanews.com.br\/index.php\/wp-json\/wp\/v2\/tags?post=15109"}],"curies":[{"name":"wp","href":"https:\/\/api.w.org\/{rel}","templated":true}]}}