{"id":15115,"date":"2021-04-27T12:35:21","date_gmt":"2021-04-27T12:35:21","guid":{"rendered":"https:\/\/oparanews.com.br\/?p=15115"},"modified":"2021-04-27T12:35:21","modified_gmt":"2021-04-27T12:35:21","slug":"onibus-da-ponte-preta-e-atacado-apos-derrota-no-paulistao","status":"publish","type":"post","link":"https:\/\/www.oparanews.com.br\/index.php\/2021\/04\/27\/onibus-da-ponte-preta-e-atacado-apos-derrota-no-paulistao\/","title":{"rendered":"\u00d4nibus da Ponte Preta \u00e9 atacado ap\u00f3s derrota no Paulist\u00e3o"},"content":{"rendered":"<p>O \u00f4nibus da Ponte Preta foi alvo de ataques de torcedores na noite de segunda-feira, ap\u00f3s a equipe ser derrotada para a Inter de Limeira no Paulist\u00e3o.<\/p>\n<p>Segundo relatos de jogadores e do clube, pedras foram atiradas em dire\u00e7\u00e3o ao ve\u00edculo, quebrando vidros e deixando ferimentos em membros da delega\u00e7\u00e3o.<\/p>\n<p>Ap\u00f3s o ocorrido, a Ponte Preta emitiu uma nota de rep\u00fadio e garantiu que vai colaborar com a investiga\u00e7\u00e3o da pol\u00edcia, para que todos envolvidos sejam punidos.<\/p>\n<p>&#8220;A Associa\u00e7\u00e3o Atl\u00e9tica Ponte Preta repudia veementemente a a\u00e7\u00e3o absurda de pessoas que atacaram o \u00f4nibus da equipe ap\u00f3s o jogo da noite desta segunda-feira e, entre outras a\u00e7\u00f5es, quebraram o vidro do \u00f4nibus, cujos estilha\u00e7os causaram escoria\u00e7\u00f5es nos atletas e feriram o meia Locatelli. A Ponte acionou as autoridades, est\u00e1 disponibilizando todas as imagens para a pol\u00edcia e vai colaborar e atuar para que os respons\u00e1veis sejam identificados e exemplarmente punidos nas formas da lei&#8221;, apontou a equipe de Campinas.<\/p>\n<p>&nbsp;<\/p>\n<p><strong>Fonte: Terra<\/strong><\/p>\n<p>&nbsp;<\/p>\n","protected":false},"excerpt":{"rendered":"<p>O \u00f4nibus da Ponte Preta foi alvo de ataques de torcedores na noite de segunda-feira, ap\u00f3s a equipe ser derrotada para a Inter de Limeira no Paulist\u00e3o. Segundo relatos de jogadores e do clube, pedras foram atiradas em dire\u00e7\u00e3o ao ve\u00edculo, quebrando vidros e deixando ferimentos em membros da delega\u00e7\u00e3o. Ap\u00f3s o ocorrido, a Ponte &hellip;<\/p>\n","protected":false},"author":1,"featured_media":15116,"comment_status":"closed","ping_status":"closed","sticky":false,"template":"","format":"standard","meta":{"_jetpack_newsletter_access":"","_jetpack_dont_email_post_to_subs":false,"_jetpack_newsletter_tier_id":0,"_jetpack_memberships_contains_paywalled_content":false,"_jetpack_memberships_contains_paid_content":false,"footnotes":""},"categories":[1],"tags":[],"class_list":["post-15115","post","type-post","status-publish","format-standard","has-post-thumbnail","hentry","category-destaque"],"jetpack_sharing_enabled":true,"jetpack_featured_media_url":"","_links":{"self":[{"href":"https:\/\/www.oparanews.com.br\/index.php\/wp-json\/wp\/v2\/posts\/15115","targetHints":{"allow":["GET"]}}],"collection":[{"href":"https:\/\/www.oparanews.com.br\/index.php\/wp-json\/wp\/v2\/posts"}],"about":[{"href":"https:\/\/www.oparanews.com.br\/index.php\/wp-json\/wp\/v2\/types\/post"}],"author":[{"embeddable":true,"href":"https:\/\/www.oparanews.com.br\/index.php\/wp-json\/wp\/v2\/users\/1"}],"replies":[{"embeddable":true,"href":"https:\/\/www.oparanews.com.br\/index.php\/wp-json\/wp\/v2\/comments?post=15115"}],"version-history":[{"count":0,"href":"https:\/\/www.oparanews.com.br\/index.php\/wp-json\/wp\/v2\/posts\/15115\/revisions"}],"wp:attachment":[{"href":"https:\/\/www.oparanews.com.br\/index.php\/wp-json\/wp\/v2\/media?parent=15115"}],"wp:term":[{"taxonomy":"category","embeddable":true,"href":"https:\/\/www.oparanews.com.br\/index.php\/wp-json\/wp\/v2\/categories?post=15115"},{"taxonomy":"post_tag","embeddable":true,"href":"https:\/\/www.oparanews.com.br\/index.php\/wp-json\/wp\/v2\/tags?post=15115"}],"curies":[{"name":"wp","href":"https:\/\/api.w.org\/{rel}","templated":true}]}}