{"id":15124,"date":"2021-04-27T17:36:16","date_gmt":"2021-04-27T17:36:16","guid":{"rendered":"https:\/\/oparanews.com.br\/?p=15124"},"modified":"2021-04-27T17:36:16","modified_gmt":"2021-04-27T17:36:16","slug":"prefeitura-de-penedo-inicia-pagamento-do-salario-de-abril-e-informa-datas-para-mei","status":"publish","type":"post","link":"https:\/\/www.oparanews.com.br\/index.php\/2021\/04\/27\/prefeitura-de-penedo-inicia-pagamento-do-salario-de-abril-e-informa-datas-para-mei\/","title":{"rendered":"Prefeitura de Penedo inicia pagamento do sal\u00e1rio de abril e informa datas para MEI"},"content":{"rendered":"<p>A Prefeitura de Penedo inicia nesta quarta-feira (28), o pagamento do sal\u00e1rio do m\u00eas de abril para todos os trabalhadores da municipalidade, efetivos e contratados.<\/p>\n<p>Para evitar aglomera\u00e7\u00f5es nos bancos, o pessoal que trabalha em setores que n\u00e3o s\u00e3o diretamente ligados \u00e0s secretarias municipais de Sa\u00fade e de Educa\u00e7\u00e3o recebe amanh\u00e3.<\/p>\n<p>J\u00e1 os servidores da Secretaria Municipal de Educa\u00e7\u00e3o recebem na quinta-feira (29) e os da Secretaria Municipal de Sa\u00fade tem sal\u00e1rio na conta a partir de sexta-feira (30).<\/p>\n<p>Pagar o funcionalismo municipal em dia e ainda dentro do m\u00eas trabalhado \u00e9 um compromisso do governo Ronaldo Lopes\/Jo\u00e3o Lucas que garante ainda a circula\u00e7\u00e3o de dinheiro em diversos setores do munic\u00edpio, principalmente o com\u00e9rcio.<\/p>\n<p><a href=\"https:\/\/oparanews.com.br\/wp-content\/uploads\/2021\/04\/Sem-t\u00edtulo-252.jpg\"><img loading=\"lazy\" decoding=\"async\" class=\"aligncenter size-full wp-image-15126\" src=\"https:\/\/oparanews.com.br\/wp-content\/uploads\/2021\/04\/Sem-t\u00edtulo-252.jpg\" alt=\"\" width=\"866\" height=\"1024\" \/><\/a><\/p>\n<p>O \u00faltimo dia \u00fatil de abril tamb\u00e9m foi programado para o pagamento do 13\u00ba sal\u00e1rio dos funcion\u00e1rios p\u00fablicos que fazem anivers\u00e1rio no m\u00eas, conforme previsto na Lei Municipal n\u00ba 1.681\/2019.<\/p>\n<p>Quem preferir receber seu 13\u00ba somente em dezembro, deve informar \u00e0 Secretaria Municipal de Fazenda (SEMFAZ) com 90 dias de anteced\u00eancia de sua data de nascimento.<\/p>\n<p><strong>MEI<\/strong><\/p>\n<p>Em rela\u00e7\u00e3o aos Micro Empreendedores Individuais (MEIs) que prestam servi\u00e7o \u00e0 Prefeitura de Penedo, o calend\u00e1rio de pagamento referente a abril tamb\u00e9m est\u00e1 definido.<\/p>\n<p>Quem trabalha para setores que recebem a denomina\u00e7\u00e3o Demais Secretarias recebe no dia 07 de maio. No dia 10, tem dinheiro na conta para os MEIs que atuam na Secretaria Municipal de Servi\u00e7os P\u00fablicos; no dia estar\u00e1 dispon\u00edvel para MEI da Secretaria Municipal de Sa\u00fade e no dia 12 de maio para MEI da Educa\u00e7\u00e3o.<\/p>\n<p>&nbsp;<\/p>\n<p><strong>Fonte: Decom &#8211; PMP<\/strong><\/p>\n<p>&nbsp;<\/p>\n","protected":false},"excerpt":{"rendered":"<p>A Prefeitura de Penedo inicia nesta quarta-feira (28), o pagamento do sal\u00e1rio do m\u00eas de abril para todos os trabalhadores da municipalidade, efetivos e contratados. Para evitar aglomera\u00e7\u00f5es nos bancos, o pessoal que trabalha em setores que n\u00e3o s\u00e3o diretamente ligados \u00e0s secretarias municipais de Sa\u00fade e de Educa\u00e7\u00e3o recebe amanh\u00e3. J\u00e1 os servidores da &hellip;<\/p>\n","protected":false},"author":1,"featured_media":15125,"comment_status":"closed","ping_status":"closed","sticky":false,"template":"","format":"standard","meta":{"_jetpack_newsletter_access":"","_jetpack_dont_email_post_to_subs":false,"_jetpack_newsletter_tier_id":0,"_jetpack_memberships_contains_paywalled_content":false,"_jetpack_memberships_contains_paid_content":false,"footnotes":""},"categories":[1],"tags":[],"class_list":["post-15124","post","type-post","status-publish","format-standard","has-post-thumbnail","hentry","category-destaque"],"jetpack_sharing_enabled":true,"jetpack_featured_media_url":"","_links":{"self":[{"href":"https:\/\/www.oparanews.com.br\/index.php\/wp-json\/wp\/v2\/posts\/15124","targetHints":{"allow":["GET"]}}],"collection":[{"href":"https:\/\/www.oparanews.com.br\/index.php\/wp-json\/wp\/v2\/posts"}],"about":[{"href":"https:\/\/www.oparanews.com.br\/index.php\/wp-json\/wp\/v2\/types\/post"}],"author":[{"embeddable":true,"href":"https:\/\/www.oparanews.com.br\/index.php\/wp-json\/wp\/v2\/users\/1"}],"replies":[{"embeddable":true,"href":"https:\/\/www.oparanews.com.br\/index.php\/wp-json\/wp\/v2\/comments?post=15124"}],"version-history":[{"count":0,"href":"https:\/\/www.oparanews.com.br\/index.php\/wp-json\/wp\/v2\/posts\/15124\/revisions"}],"wp:attachment":[{"href":"https:\/\/www.oparanews.com.br\/index.php\/wp-json\/wp\/v2\/media?parent=15124"}],"wp:term":[{"taxonomy":"category","embeddable":true,"href":"https:\/\/www.oparanews.com.br\/index.php\/wp-json\/wp\/v2\/categories?post=15124"},{"taxonomy":"post_tag","embeddable":true,"href":"https:\/\/www.oparanews.com.br\/index.php\/wp-json\/wp\/v2\/tags?post=15124"}],"curies":[{"name":"wp","href":"https:\/\/api.w.org\/{rel}","templated":true}]}}