{"id":15128,"date":"2021-04-27T17:42:08","date_gmt":"2021-04-27T17:42:08","guid":{"rendered":"https:\/\/oparanews.com.br\/?p=15128"},"modified":"2021-04-27T17:42:08","modified_gmt":"2021-04-27T17:42:08","slug":"zona-rural-de-penedo-recebe-novas-inscricoes-do-programa-cria","status":"publish","type":"post","link":"https:\/\/www.oparanews.com.br\/index.php\/2021\/04\/27\/zona-rural-de-penedo-recebe-novas-inscricoes-do-programa-cria\/","title":{"rendered":"Zona rural de Penedo recebe novas inscri\u00e7\u00f5es do programa CRIA"},"content":{"rendered":"<p>Para viabilizar o acesso da popula\u00e7\u00e3o da zona rural de Penedo aos programas sociais oferecidos pela gest\u00e3o Crescendo Com Seu Povo, a Secretaria Municipal de Desenvolvimento Social e Habita\u00e7\u00e3o (SEMDSH) se faz presente nas diversas comunidades, beneficiando fam\u00edlias que n\u00e3o precisam se deslocar at\u00e9 a cidade para serem atendidas.<\/p>\n<p>Dessa forma, a SEMDSH realiza uma nova a\u00e7\u00e3o de cadastramento do Programa CRIA, que \u00e9 uma realiza\u00e7\u00e3o do Governo de Alagoas em parceria com os munic\u00edpios.<\/p>\n<p>O trabalho desenvolvido pela equipe t\u00e9cnica da pasta, que integra a Prefeitura de Penedo, ser\u00e1 realizado nas escolas municipais dos povoados Tabuleiros do Negro e Itaporanga, quinta e sexta-feira, 29 e 30 de abril respectivamente, a partir das oito da manh\u00e3.<\/p>\n<p>No povoado Tabuleiro dos Negros, a a\u00e7\u00e3o ocorre na Escola Municipal de Educa\u00e7\u00e3o B\u00e1sica (EMEB) Santo Ant\u00f4nio na quinta-feira (29), a\u00e7\u00e3o que tamb\u00e9m inclui o povoado Tapera.<\/p>\n<p>J\u00e1 no povoado Itaporanga, o trabalho ser\u00e1 realizada na sexta-feira (30), na EMEB Isabel Cristina Toledo, atendendo tamb\u00e9m a comunidade do Marizeiro.<\/p>\n<p>Tamb\u00e9m ser\u00e3o oferecidos os servi\u00e7os do Cad\u00fanico (Cadastro \u00danico) para as fam\u00edlias que foram inclu\u00eddos no programa CRIA, porta de entrada para diversos benef\u00edcios, a exemplo do Bolsa Fam\u00edlia, Tarifa Social, Tarifa Rural, Programa Crian\u00e7a Feliz, dentre outros.<\/p>\n<p>O Programa Crian\u00e7a Alagoana atende gestantes em situa\u00e7\u00e3o de vulnerabilidade social e m\u00e3es de crian\u00e7as com at\u00e9 2 anos idade, ou at\u00e9 seis anos caso o filho (a), seja portador de microcefalia, tendo como condi\u00e7\u00e3o tamb\u00e9m a situa\u00e7\u00e3o de pobreza ou extrema pobreza e estar cadastrada no Cad\u00danico.<\/p>\n<p>O benef\u00edcio \u00e9 de 100 reais mensais, quem recebe Bolsa fam\u00edlia tamb\u00e9m pode se cadastrar, n\u00e3o correndo risco de ficar sem o benef\u00edcio federal.<\/p>\n<p>&nbsp;<\/p>\n<p><strong>por Thiago Sobral &#8211; Decom\/PMP<\/strong><\/p>\n<p>&nbsp;<\/p>\n","protected":false},"excerpt":{"rendered":"<p>Para viabilizar o acesso da popula\u00e7\u00e3o da zona rural de Penedo aos programas sociais oferecidos pela gest\u00e3o Crescendo Com Seu Povo, a Secretaria Municipal de Desenvolvimento Social e Habita\u00e7\u00e3o (SEMDSH) se faz presente nas diversas comunidades, beneficiando fam\u00edlias que n\u00e3o precisam se deslocar at\u00e9 a cidade para serem atendidas. Dessa forma, a SEMDSH realiza uma &hellip;<\/p>\n","protected":false},"author":1,"featured_media":15129,"comment_status":"closed","ping_status":"closed","sticky":false,"template":"","format":"standard","meta":{"_jetpack_newsletter_access":"","_jetpack_dont_email_post_to_subs":false,"_jetpack_newsletter_tier_id":0,"_jetpack_memberships_contains_paywalled_content":false,"_jetpack_memberships_contains_paid_content":false,"footnotes":""},"categories":[1],"tags":[],"class_list":["post-15128","post","type-post","status-publish","format-standard","has-post-thumbnail","hentry","category-destaque"],"jetpack_sharing_enabled":true,"jetpack_featured_media_url":"","_links":{"self":[{"href":"https:\/\/www.oparanews.com.br\/index.php\/wp-json\/wp\/v2\/posts\/15128","targetHints":{"allow":["GET"]}}],"collection":[{"href":"https:\/\/www.oparanews.com.br\/index.php\/wp-json\/wp\/v2\/posts"}],"about":[{"href":"https:\/\/www.oparanews.com.br\/index.php\/wp-json\/wp\/v2\/types\/post"}],"author":[{"embeddable":true,"href":"https:\/\/www.oparanews.com.br\/index.php\/wp-json\/wp\/v2\/users\/1"}],"replies":[{"embeddable":true,"href":"https:\/\/www.oparanews.com.br\/index.php\/wp-json\/wp\/v2\/comments?post=15128"}],"version-history":[{"count":0,"href":"https:\/\/www.oparanews.com.br\/index.php\/wp-json\/wp\/v2\/posts\/15128\/revisions"}],"wp:attachment":[{"href":"https:\/\/www.oparanews.com.br\/index.php\/wp-json\/wp\/v2\/media?parent=15128"}],"wp:term":[{"taxonomy":"category","embeddable":true,"href":"https:\/\/www.oparanews.com.br\/index.php\/wp-json\/wp\/v2\/categories?post=15128"},{"taxonomy":"post_tag","embeddable":true,"href":"https:\/\/www.oparanews.com.br\/index.php\/wp-json\/wp\/v2\/tags?post=15128"}],"curies":[{"name":"wp","href":"https:\/\/api.w.org\/{rel}","templated":true}]}}