{"id":15134,"date":"2021-04-27T17:46:37","date_gmt":"2021-04-27T17:46:37","guid":{"rendered":"https:\/\/oparanews.com.br\/?p=15134"},"modified":"2021-04-27T17:46:37","modified_gmt":"2021-04-27T17:46:37","slug":"transmissao-cai-abaixo-de-1-pela-1a-vez-em-5-meses","status":"publish","type":"post","link":"https:\/\/www.oparanews.com.br\/index.php\/2021\/04\/27\/transmissao-cai-abaixo-de-1-pela-1a-vez-em-5-meses\/","title":{"rendered":"Transmiss\u00e3o cai abaixo de 1 pela 1\u00aa vez em 5 meses"},"content":{"rendered":"<p>A taxa de transmiss\u00e3o (Rt) da Covid-19 no Brasil caiu para 0,93, de acordo com levantamento semanal do Imperial College de Londres, atualizado nesta ter\u00e7a-feira. O \u00edndice estava acima de 1, situa\u00e7\u00e3o definida como &#8220;fora de controle&#8221;, desde dezembro. Quando fica abaixo de 1, a taxa indica tend\u00eancia de desacelera\u00e7\u00e3o do cont\u00e1gio.<\/p>\n<p>No relat\u00f3rio divulgado na ter\u00e7a-feira passada, o Rt brasileiro estava em 1,06.<\/p>\n<p>O \u00edndice atual significa que cada 100 pessoas contaminadas transmitem a doen\u00e7a para outras 93. Dentro da margem de erro calculada pela universidade brit\u00e2nica, a taxa de transmiss\u00e3o brasileira pode variar de 0,80 at\u00e9 0,95.<\/p>\n<p>Essa \u00e9 uma das principais refer\u00eancias para acompanhar a evolu\u00e7\u00e3o epid\u00eamica do Sars-CoV-2 no pa\u00eds. No entanto, especialistas costumam ponderar que \u00e9 preciso acompanhar a taxa de transmiss\u00e3o por um per\u00edodo prolongado de tempo para avaliar cen\u00e1rios, levando em conta o atraso nas notifica\u00e7\u00f5es e o per\u00edodo de incuba\u00e7\u00e3o do coronav\u00edrus, que chega a 14 dias.<\/p>\n<p>Por ser uma m\u00e9dia nacional, o \u00edndice tamb\u00e9m n\u00e3o indica que a doen\u00e7a esteja avan\u00e7ando ou retrocedendo da mesma forma nas diversas cidades, estados e regi\u00f5es do pa\u00eds.<\/p>\n<p>O Imperial College tamb\u00e9m projeta que o Brasil deve registrar 16.800 \u00f3bitos pela Covid-19 nesta semana, uma queda em rela\u00e7\u00e3o \u00e0 anterior, quando foram contabilizadas 17.667 mortes pela doen\u00e7a.<\/p>\n<p>Estat\u00edsticas nacionais apontam que, na segunda-feira, a m\u00e9dia m\u00f3vel de mortes pela Covid-19 no Brasil foi de 2.451 \u00f3bitos, 20% menor que o c\u00e1lculo de duas semanas atr\u00e1s, o que demonstra uma tend\u00eancia de queda. A informa\u00e7\u00e3o \u00e9 do boletim do cons\u00f3rcio formado por ve\u00edculos da imprensa.<\/p>\n<p>A &#8220;m\u00e9dia m\u00f3vel de 7 dias&#8221; faz uma m\u00e9dia entre o n\u00famero do dia e dos seis anteriores. Pela primeira vez desde a cria\u00e7\u00e3o do cons\u00f3rcio, nenhum estado apresentou tend\u00eancia de alta nas mortes pela doen\u00e7a.<\/p>\n<p>&nbsp;<\/p>\n<p><strong>Fonte: O Globo<\/strong><\/p>\n<p>&nbsp;<\/p>\n","protected":false},"excerpt":{"rendered":"<p>A taxa de transmiss\u00e3o (Rt) da Covid-19 no Brasil caiu para 0,93, de acordo com levantamento semanal do Imperial College de Londres, atualizado nesta ter\u00e7a-feira. O \u00edndice estava acima de 1, situa\u00e7\u00e3o definida como &#8220;fora de controle&#8221;, desde dezembro. Quando fica abaixo de 1, a taxa indica tend\u00eancia de desacelera\u00e7\u00e3o do cont\u00e1gio. No relat\u00f3rio divulgado &hellip;<\/p>\n","protected":false},"author":1,"featured_media":15135,"comment_status":"closed","ping_status":"closed","sticky":false,"template":"","format":"standard","meta":{"_jetpack_newsletter_access":"","_jetpack_dont_email_post_to_subs":false,"_jetpack_newsletter_tier_id":0,"_jetpack_memberships_contains_paywalled_content":false,"_jetpack_memberships_contains_paid_content":false,"footnotes":""},"categories":[1],"tags":[],"class_list":["post-15134","post","type-post","status-publish","format-standard","has-post-thumbnail","hentry","category-destaque"],"jetpack_sharing_enabled":true,"jetpack_featured_media_url":"","_links":{"self":[{"href":"https:\/\/www.oparanews.com.br\/index.php\/wp-json\/wp\/v2\/posts\/15134","targetHints":{"allow":["GET"]}}],"collection":[{"href":"https:\/\/www.oparanews.com.br\/index.php\/wp-json\/wp\/v2\/posts"}],"about":[{"href":"https:\/\/www.oparanews.com.br\/index.php\/wp-json\/wp\/v2\/types\/post"}],"author":[{"embeddable":true,"href":"https:\/\/www.oparanews.com.br\/index.php\/wp-json\/wp\/v2\/users\/1"}],"replies":[{"embeddable":true,"href":"https:\/\/www.oparanews.com.br\/index.php\/wp-json\/wp\/v2\/comments?post=15134"}],"version-history":[{"count":0,"href":"https:\/\/www.oparanews.com.br\/index.php\/wp-json\/wp\/v2\/posts\/15134\/revisions"}],"wp:attachment":[{"href":"https:\/\/www.oparanews.com.br\/index.php\/wp-json\/wp\/v2\/media?parent=15134"}],"wp:term":[{"taxonomy":"category","embeddable":true,"href":"https:\/\/www.oparanews.com.br\/index.php\/wp-json\/wp\/v2\/categories?post=15134"},{"taxonomy":"post_tag","embeddable":true,"href":"https:\/\/www.oparanews.com.br\/index.php\/wp-json\/wp\/v2\/tags?post=15134"}],"curies":[{"name":"wp","href":"https:\/\/api.w.org\/{rel}","templated":true}]}}