{"id":15143,"date":"2021-04-28T18:16:41","date_gmt":"2021-04-28T18:16:41","guid":{"rendered":"https:\/\/oparanews.com.br\/?p=15143"},"modified":"2021-04-28T18:16:41","modified_gmt":"2021-04-28T18:16:41","slug":"penedo-amplia-faixa-etaria-de-vacina-contra-covid-para-pessoas-com-comorbidades","status":"publish","type":"post","link":"https:\/\/www.oparanews.com.br\/index.php\/2021\/04\/28\/penedo-amplia-faixa-etaria-de-vacina-contra-covid-para-pessoas-com-comorbidades\/","title":{"rendered":"Penedo amplia faixa et\u00e1ria de vacina contra Covid para pessoas com comorbidades"},"content":{"rendered":"<p>Pessoas portadoras de comorbidades com at\u00e9 56 anos de idade est\u00e3o na mais recente faixa et\u00e1ria do grupo priorit\u00e1rio da campanha de imuniza\u00e7\u00e3o contra o coronav\u00edrus em Penedo.<\/p>\n<p>O cronograma elaborado pela Secretaria Municipal de Sa\u00fade (SEMS) estabelece atendimento para quem j\u00e1 completou 58 anos a partir de hoje (quarta-feira, 28).<\/p>\n<p>Amanh\u00e3, a Central de Vacina\u00e7\u00e3o abre as portas para pessoas com 57 anos e na sexta-feira, 30, para os que j\u00e1 comemoram 56 anos de vida.<\/p>\n<p>Para receber a primeira dose da vacina AstraZeneca, o portador de precisa apresentar prescri\u00e7\u00e3o m\u00e9dica comprovando a comorbidade, relat\u00f3rio m\u00e9dico, exames que justifiquem o diagn\u00f3stico, receita para a terapia espec\u00edfica do problema de sa\u00fade e cadastro em sistema espec\u00edfico da comorbidade no SUS.<\/p>\n<p><strong>Coronavac<\/strong><\/p>\n<p>Por falta de vacina Coronavac, a SEMS est\u00e1 impossibilitada de administrar a segunda dose para quem recebeu a primeira aplica\u00e7\u00e3o da Coronavac.<\/p>\n<p>Das 1.040 doses necess\u00e1rias para completar a imuniza\u00e7\u00e3o com esta vacina, Penedo recebeu apenas 420, quantidade utilizada no \u00faltimo final de semana.<\/p>\n<p>Por conta desse problema que ocorre em todo o pa\u00eds, a campanha de imuniza\u00e7\u00e3o contra Covid est\u00e1 sendo desenvolvida com a AstraZeneca.<\/p>\n<p>A vacina desenvolvida pela Universidade de Oxford em parceria com o Instituto Fiocruz tamb\u00e9m est\u00e1 imunizando remanescentes quilombolas, mais um grupo priorit\u00e1rio atendido em Penedo a partir de hoje.<\/p>\n<p>A Central de Vacina\u00e7\u00e3o contra Covid-19 funciona na Escola Estadual Ernani M\u00e9ro, setor que funciona das 7h as 17 horas.<\/p>\n<p>&nbsp;<\/p>\n<p><strong>por Fernando Vin\u00edcius \u2013 Decom PMP<\/strong><\/p>\n<p>&nbsp;<\/p>\n","protected":false},"excerpt":{"rendered":"<p>Pessoas portadoras de comorbidades com at\u00e9 56 anos de idade est\u00e3o na mais recente faixa et\u00e1ria do grupo priorit\u00e1rio da campanha de imuniza\u00e7\u00e3o contra o coronav\u00edrus em Penedo. O cronograma elaborado pela Secretaria Municipal de Sa\u00fade (SEMS) estabelece atendimento para quem j\u00e1 completou 58 anos a partir de hoje (quarta-feira, 28). Amanh\u00e3, a Central de &hellip;<\/p>\n","protected":false},"author":1,"featured_media":15144,"comment_status":"closed","ping_status":"closed","sticky":false,"template":"","format":"standard","meta":{"_jetpack_newsletter_access":"","_jetpack_dont_email_post_to_subs":false,"_jetpack_newsletter_tier_id":0,"_jetpack_memberships_contains_paywalled_content":false,"_jetpack_memberships_contains_paid_content":false,"footnotes":""},"categories":[1],"tags":[],"class_list":["post-15143","post","type-post","status-publish","format-standard","has-post-thumbnail","hentry","category-destaque"],"jetpack_sharing_enabled":true,"jetpack_featured_media_url":"","_links":{"self":[{"href":"https:\/\/www.oparanews.com.br\/index.php\/wp-json\/wp\/v2\/posts\/15143","targetHints":{"allow":["GET"]}}],"collection":[{"href":"https:\/\/www.oparanews.com.br\/index.php\/wp-json\/wp\/v2\/posts"}],"about":[{"href":"https:\/\/www.oparanews.com.br\/index.php\/wp-json\/wp\/v2\/types\/post"}],"author":[{"embeddable":true,"href":"https:\/\/www.oparanews.com.br\/index.php\/wp-json\/wp\/v2\/users\/1"}],"replies":[{"embeddable":true,"href":"https:\/\/www.oparanews.com.br\/index.php\/wp-json\/wp\/v2\/comments?post=15143"}],"version-history":[{"count":0,"href":"https:\/\/www.oparanews.com.br\/index.php\/wp-json\/wp\/v2\/posts\/15143\/revisions"}],"wp:attachment":[{"href":"https:\/\/www.oparanews.com.br\/index.php\/wp-json\/wp\/v2\/media?parent=15143"}],"wp:term":[{"taxonomy":"category","embeddable":true,"href":"https:\/\/www.oparanews.com.br\/index.php\/wp-json\/wp\/v2\/categories?post=15143"},{"taxonomy":"post_tag","embeddable":true,"href":"https:\/\/www.oparanews.com.br\/index.php\/wp-json\/wp\/v2\/tags?post=15143"}],"curies":[{"name":"wp","href":"https:\/\/api.w.org\/{rel}","templated":true}]}}