{"id":15156,"date":"2021-04-28T21:15:57","date_gmt":"2021-04-28T21:15:57","guid":{"rendered":"https:\/\/oparanews.com.br\/?p=15156"},"modified":"2021-04-28T21:15:57","modified_gmt":"2021-04-28T21:15:57","slug":"stf-obriga-governo-a-adotar-providencias-para-realizar-censo","status":"publish","type":"post","link":"https:\/\/www.oparanews.com.br\/index.php\/2021\/04\/28\/stf-obriga-governo-a-adotar-providencias-para-realizar-censo\/","title":{"rendered":"STF obriga governo a adotar provid\u00eancias para realizar Censo"},"content":{"rendered":"<p>O ministro Marco Aur\u00e9lio Mello, do Supremo Tribunal Federal (STF), concedeu liminar para determinar que o governo Jair Bolsonaro adote provid\u00eancias para a realiza\u00e7\u00e3o do censo de 2021.<\/p>\n<p>O Minist\u00e9rio da Economia informou na semana passada que o censo populacional deste ano estava cancelado devido a cortes or\u00e7ament\u00e1rios.<\/p>\n<p>O decano do STF, no entanto, atendeu a pedido apresentado pelo governo do Maranh\u00e3o. Na decis\u00e3o, o magistrado afirmou que, ao deixar de realizar o estudo este ano, em raz\u00e3o dos cortes, o governo descumpre a Constitui\u00e7\u00e3o ao n\u00e3o organizar e manter servi\u00e7os oficiais de estat\u00edstica e geografia de alcance nacional.<\/p>\n<p>&#8220;No caso, cabe ao Supremo, presentes o acesso ao Judici\u00e1rio, a aplicabilidade imediata dos direitos fundamentais e a omiss\u00e3o dos r\u00e9us, impor a ado\u00e7\u00e3o de provid\u00eancias a viabilizarem a pesquisa demogr\u00e1fica&#8221;, disse Marco Aur\u00e9lio.<\/p>\n<p>&#8220;Defiro a liminar, para determinar a ado\u00e7\u00e3o de medidas voltadas \u00e0 realiza\u00e7\u00e3o do censo, observados os par\u00e2metros preconizados pelo IBGE, no \u00e2mbito da pr\u00f3pria discricionariedade t\u00e9cnica&#8221;, acrescentou o ministro, determinando a cita\u00e7\u00e3o da Uni\u00e3o e do Instituto Brasileiro de Geografia e Estat\u00edstica (IBGE) para se manifestarem.<\/p>\n<p>&nbsp;<\/p>\n<p><strong>Fonte: Terra<\/strong><\/p>\n<p>&nbsp;<\/p>\n","protected":false},"excerpt":{"rendered":"<p>O ministro Marco Aur\u00e9lio Mello, do Supremo Tribunal Federal (STF), concedeu liminar para determinar que o governo Jair Bolsonaro adote provid\u00eancias para a realiza\u00e7\u00e3o do censo de 2021. O Minist\u00e9rio da Economia informou na semana passada que o censo populacional deste ano estava cancelado devido a cortes or\u00e7ament\u00e1rios. O decano do STF, no entanto, atendeu &hellip;<\/p>\n","protected":false},"author":1,"featured_media":15157,"comment_status":"closed","ping_status":"closed","sticky":false,"template":"","format":"standard","meta":{"_jetpack_newsletter_access":"","_jetpack_dont_email_post_to_subs":false,"_jetpack_newsletter_tier_id":0,"_jetpack_memberships_contains_paywalled_content":false,"_jetpack_memberships_contains_paid_content":false,"footnotes":""},"categories":[1],"tags":[],"class_list":["post-15156","post","type-post","status-publish","format-standard","has-post-thumbnail","hentry","category-destaque"],"jetpack_sharing_enabled":true,"jetpack_featured_media_url":"","_links":{"self":[{"href":"https:\/\/www.oparanews.com.br\/index.php\/wp-json\/wp\/v2\/posts\/15156","targetHints":{"allow":["GET"]}}],"collection":[{"href":"https:\/\/www.oparanews.com.br\/index.php\/wp-json\/wp\/v2\/posts"}],"about":[{"href":"https:\/\/www.oparanews.com.br\/index.php\/wp-json\/wp\/v2\/types\/post"}],"author":[{"embeddable":true,"href":"https:\/\/www.oparanews.com.br\/index.php\/wp-json\/wp\/v2\/users\/1"}],"replies":[{"embeddable":true,"href":"https:\/\/www.oparanews.com.br\/index.php\/wp-json\/wp\/v2\/comments?post=15156"}],"version-history":[{"count":0,"href":"https:\/\/www.oparanews.com.br\/index.php\/wp-json\/wp\/v2\/posts\/15156\/revisions"}],"wp:attachment":[{"href":"https:\/\/www.oparanews.com.br\/index.php\/wp-json\/wp\/v2\/media?parent=15156"}],"wp:term":[{"taxonomy":"category","embeddable":true,"href":"https:\/\/www.oparanews.com.br\/index.php\/wp-json\/wp\/v2\/categories?post=15156"},{"taxonomy":"post_tag","embeddable":true,"href":"https:\/\/www.oparanews.com.br\/index.php\/wp-json\/wp\/v2\/tags?post=15156"}],"curies":[{"name":"wp","href":"https:\/\/api.w.org\/{rel}","templated":true}]}}