{"id":15165,"date":"2021-04-29T00:33:14","date_gmt":"2021-04-29T00:33:14","guid":{"rendered":"https:\/\/oparanews.com.br\/?p=15165"},"modified":"2021-04-29T00:33:14","modified_gmt":"2021-04-29T00:33:14","slug":"roberto-fernandes-testa-positivo-para-a-covid-19-e-esta-fora-do-classico","status":"publish","type":"post","link":"https:\/\/www.oparanews.com.br\/index.php\/2021\/04\/29\/roberto-fernandes-testa-positivo-para-a-covid-19-e-esta-fora-do-classico\/","title":{"rendered":"Roberto Fernandes testa positivo para a Covid-19 e est\u00e1 fora do Cl\u00e1ssico"},"content":{"rendered":"<p>O CRB ter\u00e1 um desfalque importante para o cl\u00e1ssico contra o CSA, no pr\u00f3ximo s\u00e1bado (1\u00ba). Mas ser\u00e1 fora de campo. O treinador testou positivo para a Covid-19 nesta ter\u00e7a (27), j\u00e1 est\u00e1 em isolamento e sendo tratado. Quem comandar\u00e1 a equipe na partida ser\u00e1 o auxiliar Fernando Alves.<\/p>\n<p>Desse modo, Roberto Fernandes se junta a alguns outros desfalques do Galo. Tamb\u00e9m com Covid-19, o goleiro Edson Mardden e o lateral Guilherme Rom\u00e3o continuam de fora. Lesionados, Diego Ivo e Matheus Stockl tamb\u00e9m ficam de fora.<\/p>\n<p>Quem tem chances de voltar ao time \u00e9 o volante Wesley. O jogador lesionou o joelho no empate, justamente, contra o CSA pela Copa do Nordeste no dia 14 de mar\u00e7o e, desde ent\u00e3o, trata a entorse. Liberado para a transi\u00e7\u00e3o ao campo, desde o dia 28 de mar\u00e7o, o jogador pode ser uma surpresa na escala\u00e7\u00e3o.<\/p>\n<p>CRB e CSA fazem o segundo Cl\u00e1ssico das Multid\u00f5es do ano neste pr\u00f3ximo s\u00e1bado, desta vez pelo Alagoano. O jogo, que ser\u00e1 no Rei Pel\u00e9, \u00e0s 17h, valer\u00e1 a lideran\u00e7a. Quem ganhar garante a classifica\u00e7\u00e3o antecipada para as semifinais.<\/p>\n<p>&nbsp;<\/p>\n<p><strong>Fonte: Gazetaweb<\/strong><\/p>\n<p>&nbsp;<\/p>\n","protected":false},"excerpt":{"rendered":"<p>O CRB ter\u00e1 um desfalque importante para o cl\u00e1ssico contra o CSA, no pr\u00f3ximo s\u00e1bado (1\u00ba). Mas ser\u00e1 fora de campo. O treinador testou positivo para a Covid-19 nesta ter\u00e7a (27), j\u00e1 est\u00e1 em isolamento e sendo tratado. Quem comandar\u00e1 a equipe na partida ser\u00e1 o auxiliar Fernando Alves. Desse modo, Roberto Fernandes se junta &hellip;<\/p>\n","protected":false},"author":1,"featured_media":15166,"comment_status":"closed","ping_status":"closed","sticky":false,"template":"","format":"standard","meta":{"_jetpack_newsletter_access":"","_jetpack_dont_email_post_to_subs":false,"_jetpack_newsletter_tier_id":0,"_jetpack_memberships_contains_paywalled_content":false,"_jetpack_memberships_contains_paid_content":false,"footnotes":""},"categories":[1],"tags":[],"class_list":["post-15165","post","type-post","status-publish","format-standard","has-post-thumbnail","hentry","category-destaque"],"jetpack_sharing_enabled":true,"jetpack_featured_media_url":"","_links":{"self":[{"href":"https:\/\/www.oparanews.com.br\/index.php\/wp-json\/wp\/v2\/posts\/15165","targetHints":{"allow":["GET"]}}],"collection":[{"href":"https:\/\/www.oparanews.com.br\/index.php\/wp-json\/wp\/v2\/posts"}],"about":[{"href":"https:\/\/www.oparanews.com.br\/index.php\/wp-json\/wp\/v2\/types\/post"}],"author":[{"embeddable":true,"href":"https:\/\/www.oparanews.com.br\/index.php\/wp-json\/wp\/v2\/users\/1"}],"replies":[{"embeddable":true,"href":"https:\/\/www.oparanews.com.br\/index.php\/wp-json\/wp\/v2\/comments?post=15165"}],"version-history":[{"count":0,"href":"https:\/\/www.oparanews.com.br\/index.php\/wp-json\/wp\/v2\/posts\/15165\/revisions"}],"wp:attachment":[{"href":"https:\/\/www.oparanews.com.br\/index.php\/wp-json\/wp\/v2\/media?parent=15165"}],"wp:term":[{"taxonomy":"category","embeddable":true,"href":"https:\/\/www.oparanews.com.br\/index.php\/wp-json\/wp\/v2\/categories?post=15165"},{"taxonomy":"post_tag","embeddable":true,"href":"https:\/\/www.oparanews.com.br\/index.php\/wp-json\/wp\/v2\/tags?post=15165"}],"curies":[{"name":"wp","href":"https:\/\/api.w.org\/{rel}","templated":true}]}}