{"id":15171,"date":"2021-04-29T18:28:45","date_gmt":"2021-04-29T18:28:45","guid":{"rendered":"https:\/\/oparanews.com.br\/?p=15171"},"modified":"2021-04-29T18:28:45","modified_gmt":"2021-04-29T18:28:45","slug":"mais-66-900-doses-de-vacinas-contra-covid-19-chegam-a-alagoas","status":"publish","type":"post","link":"https:\/\/www.oparanews.com.br\/index.php\/2021\/04\/29\/mais-66-900-doses-de-vacinas-contra-covid-19-chegam-a-alagoas\/","title":{"rendered":"Mais 66.900 doses de vacinas contra Covid-19 chegam a Alagoas"},"content":{"rendered":"<p>Alagoas recebeu do Minist\u00e9rio da Sa\u00fade (MS), nesta quinta-feira (29), mais 66.900 doses de vacinas contra Covid-19. O lote \u00e9 composto por 1.400 doses de CoronaVac e 65.500 de AstraZeneca. O governo do estado informou que o cronograma de vacina\u00e7\u00e3o ser\u00e1 divulgado at\u00e9 essa sexta-feira (30) pela Secretaria de Estado da Sa\u00fade (Sesau) e os munic\u00edpios.<\/p>\n<p><strong>Segunda dose da CoronaVac<\/strong><\/p>\n<p>O secret\u00e1rio de Estado da Sa\u00fade, Alexandre Ayres, disse que as pessoas que tomaram a primeira dose da vacina CoronaVac e est\u00e3o dentro do prazo recomendado para aplica\u00e7\u00e3o da segunda dose, de 21 a 28 dias ap\u00f3s a primeira, devem procurar, regularmente, os locais de vacina\u00e7\u00e3o para completar a imuniza\u00e7\u00e3o.<\/p>\n<p>\u201cTemos conhecimento desta redu\u00e7\u00e3o para produ\u00e7\u00e3o de novas doses pelo Instituto Butantan, por\u00e9m continuamos atuando com responsabilidade e sempre orientados pela ci\u00eancia e, por isso, o prazo para quem tomou a primeira dose foi ampliado de 21 para 28 dias, conforme o que consta na bula do imunizante da CoronaVac. \u00c9 importante informar que as pessoas imunizadas com a primeira dose da CoronaVac e que est\u00e3o no prazo desta semana [prestes a completar o ciclo de 28 dias], devem buscar os postos de vacina\u00e7\u00e3o para a completa imuniza\u00e7\u00e3o\u201d, orientou.<\/p>\n<p><strong>Vacinas da Pfizer v\u00e3o para Macei\u00f3 e Arapiraca<\/strong><\/p>\n<p>Em entrevista coletiva nesta manh\u00e3, o governador Renan Filho (MDB) disse que o estado vai receber, pela primeira vez, vacinas da Pfizer. A previs\u00e3o \u00e9 que a remessa com os imunizantes chegue nos pr\u00f3ximos dias. Esse lote ser\u00e1 utilizado em Macei\u00f3 e em Arapiraca.<\/p>\n<p>\u201cSer\u00e3o utilizadas na capital e em Arapiraca porque a vacina Pfizer exige alto n\u00edvel de congelamento. E, para n\u00e3o correr nenhum risco de perder qualquer dose, o governo vai utilizar a melhor estrutura para acondicionamento em baixa temperatura que temos na capital e no munic\u00edpio de Arapiraca. E as outras vacinas [CoronaVac e AstraZeneca] que s\u00e3o de mais f\u00e1cil transporte e acondicionamento continuar\u00e3o sendo usadas em todas as cidades do estado\u201d, explicou.<\/p>\n<p><strong>Balan\u00e7o da vacina\u00e7\u00e3o<\/strong><\/p>\n<p>Desde janeiro, o Minist\u00e9rio da Sa\u00fade enviou para Alagoas 852.310 de vacinas contra a Covid-19. Desse total, foram aplicadas 632.858 doses, sendo 442.449 como primeira dose, e outras 190.409 utilizadas para a aplica\u00e7\u00e3o da segunda dose.<\/p>\n<p>&nbsp;<\/p>\n<p><strong>Fonte: G1\/AL<\/strong><\/p>\n<p>&nbsp;<\/p>\n","protected":false},"excerpt":{"rendered":"<p>Alagoas recebeu do Minist\u00e9rio da Sa\u00fade (MS), nesta quinta-feira (29), mais 66.900 doses de vacinas contra Covid-19. O lote \u00e9 composto por 1.400 doses de CoronaVac e 65.500 de AstraZeneca. O governo do estado informou que o cronograma de vacina\u00e7\u00e3o ser\u00e1 divulgado at\u00e9 essa sexta-feira (30) pela Secretaria de Estado da Sa\u00fade (Sesau) e os &hellip;<\/p>\n","protected":false},"author":1,"featured_media":15172,"comment_status":"closed","ping_status":"closed","sticky":false,"template":"","format":"standard","meta":{"_jetpack_newsletter_access":"","_jetpack_dont_email_post_to_subs":false,"_jetpack_newsletter_tier_id":0,"_jetpack_memberships_contains_paywalled_content":false,"_jetpack_memberships_contains_paid_content":false,"footnotes":""},"categories":[1],"tags":[],"class_list":["post-15171","post","type-post","status-publish","format-standard","has-post-thumbnail","hentry","category-destaque"],"jetpack_sharing_enabled":true,"jetpack_featured_media_url":"","_links":{"self":[{"href":"https:\/\/www.oparanews.com.br\/index.php\/wp-json\/wp\/v2\/posts\/15171","targetHints":{"allow":["GET"]}}],"collection":[{"href":"https:\/\/www.oparanews.com.br\/index.php\/wp-json\/wp\/v2\/posts"}],"about":[{"href":"https:\/\/www.oparanews.com.br\/index.php\/wp-json\/wp\/v2\/types\/post"}],"author":[{"embeddable":true,"href":"https:\/\/www.oparanews.com.br\/index.php\/wp-json\/wp\/v2\/users\/1"}],"replies":[{"embeddable":true,"href":"https:\/\/www.oparanews.com.br\/index.php\/wp-json\/wp\/v2\/comments?post=15171"}],"version-history":[{"count":0,"href":"https:\/\/www.oparanews.com.br\/index.php\/wp-json\/wp\/v2\/posts\/15171\/revisions"}],"wp:attachment":[{"href":"https:\/\/www.oparanews.com.br\/index.php\/wp-json\/wp\/v2\/media?parent=15171"}],"wp:term":[{"taxonomy":"category","embeddable":true,"href":"https:\/\/www.oparanews.com.br\/index.php\/wp-json\/wp\/v2\/categories?post=15171"},{"taxonomy":"post_tag","embeddable":true,"href":"https:\/\/www.oparanews.com.br\/index.php\/wp-json\/wp\/v2\/tags?post=15171"}],"curies":[{"name":"wp","href":"https:\/\/api.w.org\/{rel}","templated":true}]}}