{"id":15179,"date":"2021-04-29T18:43:59","date_gmt":"2021-04-29T18:43:59","guid":{"rendered":"https:\/\/oparanews.com.br\/?p=15179"},"modified":"2021-04-29T18:43:59","modified_gmt":"2021-04-29T18:43:59","slug":"prefeitura-de-penedo-dispoe-de-local-adequado-para-descarte-de-restos-de-construcao","status":"publish","type":"post","link":"https:\/\/www.oparanews.com.br\/index.php\/2021\/04\/29\/prefeitura-de-penedo-dispoe-de-local-adequado-para-descarte-de-restos-de-construcao\/","title":{"rendered":"Prefeitura disp\u00f5e de local adequado para descarte de restos de constru\u00e7\u00e3o"},"content":{"rendered":"<p>A Secretaria Municipal de Servi\u00e7os P\u00fablicos (SEMSP) trabalha na limpeza constante da cidade, por isso orienta a popula\u00e7\u00e3o a fazer o descarte correto de materiais como restos de constru\u00e7\u00e3o e podas de \u00e1rvores.<\/p>\n<p>De acordo com a SEMSP, atualmente muitas pessoas jogam essas materiais nas vias p\u00fablicas, seja nas portas de suas casas ou em outros locais, esperando o recolhimento por parte da limpeza p\u00fablica.<\/p>\n<p>De acordo com a pasta da Prefeitura de Penedo, o munic\u00edpio disp\u00f5e de local para o descarte correto de entulhos.<\/p>\n<p>Dessa forma, as pessoas que queiram descartar os materiais citados devem levar, por sua conta, ao terreno localizado no povoado Peixoto, sa\u00edda de Penedo em dire\u00e7\u00e3o a Pia\u00e7abu\u00e7u.<\/p>\n<p>Com a colabora\u00e7\u00e3o da popula\u00e7\u00e3o, a gest\u00e3o Crescendo Com Seu Povo poder\u00e1 utilizar o tempo gasto para retirar esses materiais de locais impr\u00f3prios em outras a\u00e7\u00f5es em benef\u00edcio dos penedenses.<\/p>\n<p>De acordo com o Secret\u00e1rio Ivo Costa, o mutir\u00e3o de limpeza feito pela SEMSP vem identificando v\u00e1rios pontos irregulares de lixo.<\/p>\n<p>\u201cPedimos a compreens\u00e3o de toda a popula\u00e7\u00e3o para ajudar a manter a nossa cidade limpa. Estamos fazendo diariamente limpezas em terrenos em que s\u00e3o descartados lixos em locais inapropriados, onde geram esses tipos de lix\u00f5es, ent\u00e3o viemos pedir esse apoio da nossa popula\u00e7\u00e3o\u201d, destacou Ivo Costa.<\/p>\n<p><strong>Podas de \u00e1rvores<\/strong><\/p>\n<p>Al\u00e9m da limpeza constante dos logradouros p\u00fablicos, a Secretaria de Servi\u00e7os P\u00fablicos realiza a poda das \u00e1rvores situadas nas vias p\u00fablicas do munic\u00edpio.<\/p>\n<p>De acordo com o Coordenador Neilson Silva, \u00e9 feito um trabalho de ornamenta\u00e7\u00e3o nas \u00e1rvores, n\u00e3o retirando todas as folhas, preservando assim as sombras para que a popula\u00e7\u00e3o possa usufrui-la.<\/p>\n<p>Al\u00e9m disso, a SEMSP faz a manuten\u00e7\u00e3o das 44 pra\u00e7as existentes do munic\u00edpio, cuidando para deixa-las sempre conservadas para penedenses e visitantes.<\/p>\n<p>&nbsp;<\/p>\n<p><strong>por Thiago Sobral &#8211; Decom (PMP)<\/strong><\/p>\n<p>&nbsp;<\/p>\n","protected":false},"excerpt":{"rendered":"<p>A Secretaria Municipal de Servi\u00e7os P\u00fablicos (SEMSP) trabalha na limpeza constante da cidade, por isso orienta a popula\u00e7\u00e3o a fazer o descarte correto de materiais como restos de constru\u00e7\u00e3o e podas de \u00e1rvores. De acordo com a SEMSP, atualmente muitas pessoas jogam essas materiais nas vias p\u00fablicas, seja nas portas de suas casas ou em &hellip;<\/p>\n","protected":false},"author":1,"featured_media":15180,"comment_status":"closed","ping_status":"closed","sticky":false,"template":"","format":"standard","meta":{"_jetpack_newsletter_access":"","_jetpack_dont_email_post_to_subs":false,"_jetpack_newsletter_tier_id":0,"_jetpack_memberships_contains_paywalled_content":false,"_jetpack_memberships_contains_paid_content":false,"footnotes":""},"categories":[1],"tags":[],"class_list":["post-15179","post","type-post","status-publish","format-standard","has-post-thumbnail","hentry","category-destaque"],"jetpack_sharing_enabled":true,"jetpack_featured_media_url":"","_links":{"self":[{"href":"https:\/\/www.oparanews.com.br\/index.php\/wp-json\/wp\/v2\/posts\/15179","targetHints":{"allow":["GET"]}}],"collection":[{"href":"https:\/\/www.oparanews.com.br\/index.php\/wp-json\/wp\/v2\/posts"}],"about":[{"href":"https:\/\/www.oparanews.com.br\/index.php\/wp-json\/wp\/v2\/types\/post"}],"author":[{"embeddable":true,"href":"https:\/\/www.oparanews.com.br\/index.php\/wp-json\/wp\/v2\/users\/1"}],"replies":[{"embeddable":true,"href":"https:\/\/www.oparanews.com.br\/index.php\/wp-json\/wp\/v2\/comments?post=15179"}],"version-history":[{"count":0,"href":"https:\/\/www.oparanews.com.br\/index.php\/wp-json\/wp\/v2\/posts\/15179\/revisions"}],"wp:attachment":[{"href":"https:\/\/www.oparanews.com.br\/index.php\/wp-json\/wp\/v2\/media?parent=15179"}],"wp:term":[{"taxonomy":"category","embeddable":true,"href":"https:\/\/www.oparanews.com.br\/index.php\/wp-json\/wp\/v2\/categories?post=15179"},{"taxonomy":"post_tag","embeddable":true,"href":"https:\/\/www.oparanews.com.br\/index.php\/wp-json\/wp\/v2\/tags?post=15179"}],"curies":[{"name":"wp","href":"https:\/\/api.w.org\/{rel}","templated":true}]}}