{"id":15183,"date":"2021-04-29T18:52:14","date_gmt":"2021-04-29T18:52:14","guid":{"rendered":"https:\/\/oparanews.com.br\/?p=15183"},"modified":"2021-04-29T18:52:14","modified_gmt":"2021-04-29T18:52:14","slug":"secretaria-de-cultura-de-penedo-recupera-patrimonio-artistico-e-cultural","status":"publish","type":"post","link":"https:\/\/www.oparanews.com.br\/index.php\/2021\/04\/29\/secretaria-de-cultura-de-penedo-recupera-patrimonio-artistico-e-cultural\/","title":{"rendered":"Secretaria de Cultura de Penedo recupera patrim\u00f4nio art\u00edstico e cultural"},"content":{"rendered":"<p>Monumentos do riqu\u00edssimo acervo hist\u00f3rico, art\u00edstico e cultural de Penedo est\u00e3o sendo restaurados, trabalho minucioso que a Secretaria Municipal de Cultura, Lazer, Esporte e Juventude (SEMCLEJ) desenvolve por meio de equipe especializada em restauro.<\/p>\n<p>Os servi\u00e7os revelam a qualidade de trabalhos em escultura, a exemplo do busto do ex-prefeito Raimundo Marinho. A pe\u00e7a em bronze instalada na Pra\u00e7a J\u00e1come Calheiros ganhou novo aspecto, sem as marcas da oxida\u00e7\u00e3o.<\/p>\n<p>O mesmo processo de restauro tamb\u00e9m j\u00e1 revitalizou o busto em bronze de outro personagem de destaque na hist\u00f3ria de Penedo, o empres\u00e1rio e comendador Jos\u00e9 da Silva Peixoto.<\/p>\n<p>A est\u00e1tua de S\u00e3o Judas Tadeu e os bustos do alagoano Marechal Floriano Peixoto (segundo presidente do Brasil) e do advogado penedense, deputado federal e senador Clementino do Monte (1859-1948) tamb\u00e9m ser\u00e3o recuperados pela SEMCLEJ.<\/p>\n<p>Al\u00e9m das figuras renomadas, o trabalho que valoriza o patrim\u00f4nio p\u00fablico penedense inclui o restauro do Cruzeiro de Pedra da Pra\u00e7a Frei Camilo de Lellis, situada em frente ao Convento Nossa Senhora dos Anjos.<\/p>\n<p>O obelisco erguido na parte alta da Pra\u00e7a Frei Camilo de Lellis tamb\u00e9m ser\u00e1 restaurado, assim como o mesmo tipo de marco hist\u00f3rico situado no 3\u00ba Centro de Sa\u00fade, mais conhecido como Sesp.<\/p>\n<p>\u201cEssa iniciativa da Secretaria de Cultura \u00e9 muito importante e \u00e9 s\u00f3 o in\u00edcio do que est\u00e1 planejado para acontecer durante a gest\u00e3o do Prefeito Ronaldo Lopes sobre a recupera\u00e7\u00e3o do nosso patrim\u00f4nio hist\u00f3rico e cultural\u201d, destaca a Secret\u00e1ria Municipal de Cultura Alyne Costa.<\/p>\n<p>O Prefeito Ronaldo Lopes foi conferir pessoalmente o andamento do trabalho que cabe ao penedense Cristiano Greg\u00f3rio e sua equipe da empresa Ornatos. Em 2020, eles devolveram a Cruz de Pedra perfeitamente restaurada, atrativo tur\u00edstico localizado na Pra\u00e7a Clementino do Monte.<\/p>\n<p>Cruz de Pedra representa vit\u00f3ria dos ribeirinhos sobre os holandeses em 1645<\/p>\n<p>\u201cEsse acervo \u00e9 sin\u00f4nimo de nossa identidade, ent\u00e3o o trabalho de restaura\u00e7\u00e3o \u00e9 de interesse p\u00fablico, sem falar que temos o apoio do Iphan, esse \u00f3rg\u00e3o parceiro de primeira linha de Penedo na preserva\u00e7\u00e3o de nossos atrativos\u201d, acrescenta Alyne Costa.<\/p>\n<p>&nbsp;<\/p>\n<p><strong>por Fernando Vin\u00edcius \u2013 Decom PMP<\/strong><\/p>\n<p><a href=\"https:\/\/oparanews.com.br\/wp-content\/uploads\/2021\/04\/Sem-t\u00edtulo-271.jpg\"><img loading=\"lazy\" decoding=\"async\" class=\"alignleft size-medium wp-image-15185\" src=\"https:\/\/oparanews.com.br\/wp-content\/uploads\/2021\/04\/Sem-t\u00edtulo-271-276x300.jpg\" alt=\"\" width=\"276\" height=\"300\" \/><\/a><\/p>\n<p>&nbsp;<\/p>\n<p>&nbsp;<\/p>\n<p>&nbsp;<\/p>\n<p>&nbsp;<\/p>\n<p>&nbsp;<\/p>\n<p>&nbsp;<\/p>\n<p>&nbsp;<\/p>\n<p>&nbsp;<\/p>\n","protected":false},"excerpt":{"rendered":"<p>Monumentos do riqu\u00edssimo acervo hist\u00f3rico, art\u00edstico e cultural de Penedo est\u00e3o sendo restaurados, trabalho minucioso que a Secretaria Municipal de Cultura, Lazer, Esporte e Juventude (SEMCLEJ) desenvolve por meio de equipe especializada em restauro. Os servi\u00e7os revelam a qualidade de trabalhos em escultura, a exemplo do busto do ex-prefeito Raimundo Marinho. A pe\u00e7a em bronze &hellip;<\/p>\n","protected":false},"author":1,"featured_media":15184,"comment_status":"closed","ping_status":"closed","sticky":false,"template":"","format":"standard","meta":{"_jetpack_newsletter_access":"","_jetpack_dont_email_post_to_subs":false,"_jetpack_newsletter_tier_id":0,"_jetpack_memberships_contains_paywalled_content":false,"_jetpack_memberships_contains_paid_content":false,"footnotes":""},"categories":[1],"tags":[],"class_list":["post-15183","post","type-post","status-publish","format-standard","has-post-thumbnail","hentry","category-destaque"],"jetpack_sharing_enabled":true,"jetpack_featured_media_url":"","_links":{"self":[{"href":"https:\/\/www.oparanews.com.br\/index.php\/wp-json\/wp\/v2\/posts\/15183","targetHints":{"allow":["GET"]}}],"collection":[{"href":"https:\/\/www.oparanews.com.br\/index.php\/wp-json\/wp\/v2\/posts"}],"about":[{"href":"https:\/\/www.oparanews.com.br\/index.php\/wp-json\/wp\/v2\/types\/post"}],"author":[{"embeddable":true,"href":"https:\/\/www.oparanews.com.br\/index.php\/wp-json\/wp\/v2\/users\/1"}],"replies":[{"embeddable":true,"href":"https:\/\/www.oparanews.com.br\/index.php\/wp-json\/wp\/v2\/comments?post=15183"}],"version-history":[{"count":0,"href":"https:\/\/www.oparanews.com.br\/index.php\/wp-json\/wp\/v2\/posts\/15183\/revisions"}],"wp:attachment":[{"href":"https:\/\/www.oparanews.com.br\/index.php\/wp-json\/wp\/v2\/media?parent=15183"}],"wp:term":[{"taxonomy":"category","embeddable":true,"href":"https:\/\/www.oparanews.com.br\/index.php\/wp-json\/wp\/v2\/categories?post=15183"},{"taxonomy":"post_tag","embeddable":true,"href":"https:\/\/www.oparanews.com.br\/index.php\/wp-json\/wp\/v2\/tags?post=15183"}],"curies":[{"name":"wp","href":"https:\/\/api.w.org\/{rel}","templated":true}]}}