{"id":15191,"date":"2021-04-29T18:58:08","date_gmt":"2021-04-29T18:58:08","guid":{"rendered":"https:\/\/oparanews.com.br\/?p=15191"},"modified":"2021-04-29T18:58:08","modified_gmt":"2021-04-29T18:58:08","slug":"felipe-neto-se-envolve-em-polemica-com-sertanejos","status":"publish","type":"post","link":"https:\/\/www.oparanews.com.br\/index.php\/2021\/04\/29\/felipe-neto-se-envolve-em-polemica-com-sertanejos\/","title":{"rendered":"Felipe Neto se envolve em pol\u00eamica com sertanejos"},"content":{"rendered":"<p>Felipe Neto se envolveu em uma nova pol\u00eamica na noite de quarta-feira (28). Um trecho de um v\u00eddeo em que o youtuber critica a postura de cantores sertanejos viralizar, ele foi criticado por artistas como Gusttavo Lima e Z\u00e9 Felipe.<\/p>\n<p>\u201cCad\u00ea os artistas sertanejos? Cad\u00ea voc\u00eas? Est\u00e3o fazendo o que? Tem gente morrendo e a \u00fanica preocupa\u00e7\u00e3o \u00e9 livezinha enchendo a cara, \u00e9 isso mesmo?\u201d, cutucou o youtuber.<\/p>\n<p>Em um Stories no Instagram, Z\u00e9 Felipe rebateu: \u201cLivezinha \u00e9 a puta que pariu! Segundo, a cacha\u00e7a que n\u00f3s bebemos nas lives, n\u00e3o estamos pedindo para voc\u00ea pagar. Terceiro, os artistas populares que cantam forr\u00f3, sertanejo, tenho certeza que doam muito mais e contribu\u00edram muito mais com \u00e1lcool em gel no caralho dessa pandemia do que voc\u00ea. Ent\u00e3o cala a boca!\u201d<\/p>\n<p>Felipe Neto, no Twitter, respondeu o filho de Leonardo: \u201cEu n\u00e3o critiquei fazer live com bebida, eu critiquei o sil\u00eancio sobre o atual governo fascista. E n\u00e3o existe disputa de quem faz mais caridade. Fa\u00e7a sua doa\u00e7\u00e3o sem pedir biscoito. Ela \u00e9 o m\u00ednimo\u201d.<\/p>\n<p>Em coment\u00e1rio publicado no perfil @tvmeusertanejo no Instagram, Gusttavo Lima ironizou o youtuber: \u201cQuem \u00e9 esse cara? N\u00e3o o conhe\u00e7o, algu\u00e9m me ajuda, por favor? Quero me inteirar do assunto!\u201d. O perfil da dupla Jo\u00e3o Bosco e Vin\u00edcius postou: \u201cO exemplo cl\u00e1ssico de intoler\u00e2ncia est\u00e1 a\u00ed, cai quem quer\u201d. J\u00e1 Juan Marcus e Vinicius comentaram: \u201cDefecando pela boca\u201d.<\/p>\n<p>&nbsp;<\/p>\n<p><strong>Fonte: ISTO\u00c9<\/strong><\/p>\n<p>&nbsp;<\/p>\n","protected":false},"excerpt":{"rendered":"<p>Felipe Neto se envolveu em uma nova pol\u00eamica na noite de quarta-feira (28). Um trecho de um v\u00eddeo em que o youtuber critica a postura de cantores sertanejos viralizar, ele foi criticado por artistas como Gusttavo Lima e Z\u00e9 Felipe. \u201cCad\u00ea os artistas sertanejos? Cad\u00ea voc\u00eas? Est\u00e3o fazendo o que? Tem gente morrendo e a &hellip;<\/p>\n","protected":false},"author":1,"featured_media":15192,"comment_status":"closed","ping_status":"closed","sticky":false,"template":"","format":"standard","meta":{"_jetpack_newsletter_access":"","_jetpack_dont_email_post_to_subs":false,"_jetpack_newsletter_tier_id":0,"_jetpack_memberships_contains_paywalled_content":false,"_jetpack_memberships_contains_paid_content":false,"footnotes":""},"categories":[1],"tags":[],"class_list":["post-15191","post","type-post","status-publish","format-standard","has-post-thumbnail","hentry","category-destaque"],"jetpack_sharing_enabled":true,"jetpack_featured_media_url":"","_links":{"self":[{"href":"https:\/\/www.oparanews.com.br\/index.php\/wp-json\/wp\/v2\/posts\/15191","targetHints":{"allow":["GET"]}}],"collection":[{"href":"https:\/\/www.oparanews.com.br\/index.php\/wp-json\/wp\/v2\/posts"}],"about":[{"href":"https:\/\/www.oparanews.com.br\/index.php\/wp-json\/wp\/v2\/types\/post"}],"author":[{"embeddable":true,"href":"https:\/\/www.oparanews.com.br\/index.php\/wp-json\/wp\/v2\/users\/1"}],"replies":[{"embeddable":true,"href":"https:\/\/www.oparanews.com.br\/index.php\/wp-json\/wp\/v2\/comments?post=15191"}],"version-history":[{"count":0,"href":"https:\/\/www.oparanews.com.br\/index.php\/wp-json\/wp\/v2\/posts\/15191\/revisions"}],"wp:attachment":[{"href":"https:\/\/www.oparanews.com.br\/index.php\/wp-json\/wp\/v2\/media?parent=15191"}],"wp:term":[{"taxonomy":"category","embeddable":true,"href":"https:\/\/www.oparanews.com.br\/index.php\/wp-json\/wp\/v2\/categories?post=15191"},{"taxonomy":"post_tag","embeddable":true,"href":"https:\/\/www.oparanews.com.br\/index.php\/wp-json\/wp\/v2\/tags?post=15191"}],"curies":[{"name":"wp","href":"https:\/\/api.w.org\/{rel}","templated":true}]}}