{"id":15194,"date":"2021-04-29T18:59:48","date_gmt":"2021-04-29T18:59:48","guid":{"rendered":"https:\/\/oparanews.com.br\/?p=15194"},"modified":"2021-04-29T18:59:48","modified_gmt":"2021-04-29T18:59:48","slug":"cpi-da-covid-convoca-queiroga-pazuello-teich-e-mandetta","status":"publish","type":"post","link":"https:\/\/www.oparanews.com.br\/index.php\/2021\/04\/29\/cpi-da-covid-convoca-queiroga-pazuello-teich-e-mandetta\/","title":{"rendered":"Senado convoca Queiroga, Pazuello, Teich e Mandetta"},"content":{"rendered":"<p>A CPI da Covid convocou nesta quinta-feira para prestar depoimento o atual ministro da Sa\u00fade, Marcelo Queiroga, e os ex-titulares da pasta Luiz Henrique Mandetta, Nelson Teich e Eduardo Pazuello, al\u00e9m do presidente da Ag\u00eancia Nacional de Vigil\u00e2ncia Sanit\u00e1ria (Anvisa), Ant\u00f4nio Barra Torres.<\/p>\n<p>Os senadores que comp\u00f5em a Comiss\u00e3o Parlamentar de Inqu\u00e9rito decidiram marcar para a pr\u00f3xima ter\u00e7a-feira os depoimentos de Mandetta e Teich, enquanto a quarta ser\u00e1 reservada para Pazuello e a reuni\u00e3o de quinta ser\u00e1 usada para ouvir Queiroga e Barra Torres.<\/p>\n<p>Os parlamentares tamb\u00e9m aprovaram uma s\u00e9rie de requerimentos de informa\u00e7\u00f5es principalmente para o Minist\u00e9rio da Sa\u00fade na primeira reuni\u00e3o da CPI ap\u00f3s sua instala\u00e7\u00e3o na semana passada, quando foram eleitos o senador Omar Aziz (PSD-AM) para presidir o colegiado, Randolfe Rodrigues (Rede-AP) para vice-presidente, ao mesmo tempo que Aziz escolheu Renan Calheiros (MDB-AL) como relator da CPI.<\/p>\n<p>&nbsp;<\/p>\n<p><strong>Fonte: Terra<\/strong><\/p>\n<p>&nbsp;<\/p>\n","protected":false},"excerpt":{"rendered":"<p>A CPI da Covid convocou nesta quinta-feira para prestar depoimento o atual ministro da Sa\u00fade, Marcelo Queiroga, e os ex-titulares da pasta Luiz Henrique Mandetta, Nelson Teich e Eduardo Pazuello, al\u00e9m do presidente da Ag\u00eancia Nacional de Vigil\u00e2ncia Sanit\u00e1ria (Anvisa), Ant\u00f4nio Barra Torres. Os senadores que comp\u00f5em a Comiss\u00e3o Parlamentar de Inqu\u00e9rito decidiram marcar para &hellip;<\/p>\n","protected":false},"author":1,"featured_media":15195,"comment_status":"closed","ping_status":"closed","sticky":false,"template":"","format":"standard","meta":{"_jetpack_newsletter_access":"","_jetpack_dont_email_post_to_subs":false,"_jetpack_newsletter_tier_id":0,"_jetpack_memberships_contains_paywalled_content":false,"_jetpack_memberships_contains_paid_content":false,"footnotes":""},"categories":[1],"tags":[],"class_list":["post-15194","post","type-post","status-publish","format-standard","has-post-thumbnail","hentry","category-destaque"],"jetpack_sharing_enabled":true,"jetpack_featured_media_url":"","_links":{"self":[{"href":"https:\/\/www.oparanews.com.br\/index.php\/wp-json\/wp\/v2\/posts\/15194","targetHints":{"allow":["GET"]}}],"collection":[{"href":"https:\/\/www.oparanews.com.br\/index.php\/wp-json\/wp\/v2\/posts"}],"about":[{"href":"https:\/\/www.oparanews.com.br\/index.php\/wp-json\/wp\/v2\/types\/post"}],"author":[{"embeddable":true,"href":"https:\/\/www.oparanews.com.br\/index.php\/wp-json\/wp\/v2\/users\/1"}],"replies":[{"embeddable":true,"href":"https:\/\/www.oparanews.com.br\/index.php\/wp-json\/wp\/v2\/comments?post=15194"}],"version-history":[{"count":0,"href":"https:\/\/www.oparanews.com.br\/index.php\/wp-json\/wp\/v2\/posts\/15194\/revisions"}],"wp:attachment":[{"href":"https:\/\/www.oparanews.com.br\/index.php\/wp-json\/wp\/v2\/media?parent=15194"}],"wp:term":[{"taxonomy":"category","embeddable":true,"href":"https:\/\/www.oparanews.com.br\/index.php\/wp-json\/wp\/v2\/categories?post=15194"},{"taxonomy":"post_tag","embeddable":true,"href":"https:\/\/www.oparanews.com.br\/index.php\/wp-json\/wp\/v2\/tags?post=15194"}],"curies":[{"name":"wp","href":"https:\/\/api.w.org\/{rel}","templated":true}]}}