{"id":15204,"date":"2021-04-30T12:54:19","date_gmt":"2021-04-30T12:54:19","guid":{"rendered":"https:\/\/oparanews.com.br\/?p=15204"},"modified":"2021-04-30T12:54:19","modified_gmt":"2021-04-30T12:54:19","slug":"investimentos-para-penedo-sao-tema-de-encontro-entre-ronaldo-lopes-e-renan-filho","status":"publish","type":"post","link":"https:\/\/www.oparanews.com.br\/index.php\/2021\/04\/30\/investimentos-para-penedo-sao-tema-de-encontro-entre-ronaldo-lopes-e-renan-filho\/","title":{"rendered":"Investimentos para Penedo s\u00e3o tema de encontro entre Ronaldo Lopes e Renan Filho"},"content":{"rendered":"<p>A parceria que est\u00e1 melhorando a qualidade vida da popula\u00e7\u00e3o penedense vai gerar mais resultados positivos. Novos investimentos para Penedo foram o tema principal da agenda de trabalho entre o Prefeito Ronaldo Lopes e o Governador Renan Filho.<\/p>\n<p>Acompanhando do Secret\u00e1rio Municipal de Sa\u00fade, Guilherme Lopes, e do Presidente do Instituto de Meio Ambiente de Alagoas (IMA), Gustavo Lopes, o Prefeito de Penedo foi recebido pelo gestor estadual nesta quinta-feira, 29, no Pal\u00e1cio Rep\u00fablica dos Palmares.<\/p>\n<p>\u201cN\u00f3s conversamos sobre o Programa Cidade Linda, que investe em pavimenta\u00e7\u00e3o de ruas e urbaniza\u00e7\u00e3o de espa\u00e7os p\u00fablicos, e Penedo tamb\u00e9m ser\u00e1 contemplada, com prioridade para os bairros mais carentes\u201d, destaca Ronaldo Lopes, acrescentando que mais avenidas da cidade receber\u00e3o nova pavimenta\u00e7\u00e3o.<\/p>\n<p>Habita\u00e7\u00e3o e assist\u00eancia social tamb\u00e9m t\u00eam obras previstas. \u201cN\u00f3s solicitamos duas creches, fomos atendidos e j\u00e1 temos aprova\u00e7\u00e3o da C\u00e2mara de Vereadores para a doa\u00e7\u00e3o dos terrenos onde elas ser\u00e3o constru\u00eddas. Uma ser\u00e1 no aterro da Lagoa do Oiteiro, atendendo as fam\u00edlias daquela regi\u00e3o, e a outra no bairro Santa Isabel\u201d, informa o Prefeito de Penedo.<\/p>\n<p><strong>Patrulha mecanizada<\/strong><\/p>\n<p>A Prefeitura de Penedo n\u00e3o tem ve\u00edculos pr\u00f3prios para realizar a manuten\u00e7\u00e3o de estradas vicinais, servi\u00e7o fundamental para melhorar o tr\u00e2nsito entre a zona rural e a cidade. Por isso, Ronaldo Lopes reivindicou a cess\u00e3o de patrulha mecanizada.<\/p>\n<p>As necessidades para a \u00e1rea de sa\u00fade tamb\u00e9m foram tema da conversa entre os gestores, assim como o turismo.<\/p>\n<p>\u201cN\u00f3s conversamos sobre projetos que apresentamos para Penedo, entre eles a urbaniza\u00e7\u00e3o da nossa prainha, a instala\u00e7\u00e3o do nosso terminal tur\u00edstico e melhorias para a orla de nossa cidade. Imediatamente, o governador autorizou iniciar a licita\u00e7\u00e3o dos investimentos para a prainha\u201d, concluiu Ronaldo Lopes sobre mais um avan\u00e7o para o povo penedense.<\/p>\n<p>&nbsp;<\/p>\n<p><strong>por Fernando Vin\u00edcius \u2013 Decom PMP<\/strong><\/p>\n<p>&nbsp;<\/p>\n","protected":false},"excerpt":{"rendered":"<p>A parceria que est\u00e1 melhorando a qualidade vida da popula\u00e7\u00e3o penedense vai gerar mais resultados positivos. Novos investimentos para Penedo foram o tema principal da agenda de trabalho entre o Prefeito Ronaldo Lopes e o Governador Renan Filho. Acompanhando do Secret\u00e1rio Municipal de Sa\u00fade, Guilherme Lopes, e do Presidente do Instituto de Meio Ambiente de &hellip;<\/p>\n","protected":false},"author":1,"featured_media":15205,"comment_status":"closed","ping_status":"closed","sticky":false,"template":"","format":"standard","meta":{"_jetpack_newsletter_access":"","_jetpack_dont_email_post_to_subs":false,"_jetpack_newsletter_tier_id":0,"_jetpack_memberships_contains_paywalled_content":false,"_jetpack_memberships_contains_paid_content":false,"footnotes":""},"categories":[1],"tags":[],"class_list":["post-15204","post","type-post","status-publish","format-standard","has-post-thumbnail","hentry","category-destaque"],"jetpack_sharing_enabled":true,"jetpack_featured_media_url":"","_links":{"self":[{"href":"https:\/\/www.oparanews.com.br\/index.php\/wp-json\/wp\/v2\/posts\/15204","targetHints":{"allow":["GET"]}}],"collection":[{"href":"https:\/\/www.oparanews.com.br\/index.php\/wp-json\/wp\/v2\/posts"}],"about":[{"href":"https:\/\/www.oparanews.com.br\/index.php\/wp-json\/wp\/v2\/types\/post"}],"author":[{"embeddable":true,"href":"https:\/\/www.oparanews.com.br\/index.php\/wp-json\/wp\/v2\/users\/1"}],"replies":[{"embeddable":true,"href":"https:\/\/www.oparanews.com.br\/index.php\/wp-json\/wp\/v2\/comments?post=15204"}],"version-history":[{"count":0,"href":"https:\/\/www.oparanews.com.br\/index.php\/wp-json\/wp\/v2\/posts\/15204\/revisions"}],"wp:attachment":[{"href":"https:\/\/www.oparanews.com.br\/index.php\/wp-json\/wp\/v2\/media?parent=15204"}],"wp:term":[{"taxonomy":"category","embeddable":true,"href":"https:\/\/www.oparanews.com.br\/index.php\/wp-json\/wp\/v2\/categories?post=15204"},{"taxonomy":"post_tag","embeddable":true,"href":"https:\/\/www.oparanews.com.br\/index.php\/wp-json\/wp\/v2\/tags?post=15204"}],"curies":[{"name":"wp","href":"https:\/\/api.w.org\/{rel}","templated":true}]}}