{"id":15210,"date":"2021-04-30T16:43:09","date_gmt":"2021-04-30T16:43:09","guid":{"rendered":"https:\/\/oparanews.com.br\/?p=15210"},"modified":"2021-04-30T16:43:09","modified_gmt":"2021-04-30T16:43:09","slug":"programa-melhor-em-casa-ja-atende-60-coruripenses-no-conforto-do-lar","status":"publish","type":"post","link":"https:\/\/www.oparanews.com.br\/index.php\/2021\/04\/30\/programa-melhor-em-casa-ja-atende-60-coruripenses-no-conforto-do-lar\/","title":{"rendered":"Programa Melhor em Casa j\u00e1 atende 60 coruripenses no conforto do lar"},"content":{"rendered":"<p>A Prefeitura de Coruripe atrav\u00e9s da Secretaria de Sa\u00fade implantou em fevereiro o Programa Melhor em Casa. A iniciativa tem por objetivo levar assist\u00eancia m\u00e9dica aos pacientes domiciliados e, ou acamados. A equipe multidisciplinar formada por um m\u00e9dico, enfermeiro, fisioterapeuta, assistente social e um t\u00e9cnico de enfermagem j\u00e1 atende 60 pacientes.<\/p>\n<p>O m\u00e9dico da equipe, \u00c2ngelo Monteiro, explica que a visita ocorre semanalmente, o que depende da gravidade do paciente. E que o objetivo do programa \u00e9 trazer qualidade de vida aos pacientes.<\/p>\n<p>\u201cCoruripe \u00e9 uma cidade grande, com pacientes acamados e, ou com alguma dificuldade de locomo\u00e7\u00e3o. E o nosso intuito com o programa \u00e9 melhorar a qualidade de vida dos pacientes. O resultado \u00e9 estabilizar e devolv\u00ea-lo ao PSF, t\u00e3o logo n\u00e3o precise mais de cuidados intensivos\u201d, pontuou.<\/p>\n<p>O Melhor em Casa trabalha com uma equipe multidisciplinar atendendo 60 pacientes no conforto de sua casa, o que preconiza o Minist\u00e9rio da Sa\u00fade. Por\u00e9m, o munic\u00edpio vem sendo mapeado, o que pode ocorrer diante do resultado a implanta\u00e7\u00e3o de uma segunda equipe.<\/p>\n<p>\u201cCuidar da sa\u00fade das pessoas no conforto da sua casa \u00e9 um sentimento de satisfa\u00e7\u00e3o indescrit\u00edvel. Ver o quadro cl\u00ednico e a melhoria na condi\u00e7\u00e3o de vida paulatinamente acontecendo \u00e9 muito gratificante para n\u00f3s, que temos como objetivo trabalhar pelo bem estar do povo. Tudo isso gra\u00e7as a sensibilidade da administra\u00e7\u00e3o municipal e, acima de tudo, dos profissionais envolvidos neste programa. Esses fazem verdadeiramente a diferen\u00e7a, devolvendo a sa\u00fade dos acamados que n\u00e3o tem a m\u00ednima condi\u00e7\u00e3o de estar em um hospital\u201d, frisou o secret\u00e1rio de Sa\u00fade Marcius Beltr\u00e3o.<\/p>\n<p>A dona de casa Das Dores Oliveira, filha de paciente e aposentada, C\u00edcera Oliveira, 74 anos, garantiu que tudo mudou quando sua m\u00e3e passou a fazer parte do programa.<\/p>\n<p>\u201cFoi a melhor coisa que aconteceu com a minha m\u00e3e, depois que ela ficou doente. Semanalmente, est\u00e3o aqui e quando precisamos \u00e9 s\u00f3 ligar que a equipe vem, mesmo fora do cronograma deles. Minha m\u00e3e hoje \u00e9 bem assistida em todas as especialidades. Foi uma ben\u00e7\u00e3o na vida de todos n\u00f3s minha m\u00e3e ter sido inserida no Melhor em Casa. Tudo mudou muito e s\u00f3 tenho que agradecer a essa equipe maravilhosa\u201d, finalizou Das Dores, filha da paciente do programa.<\/p>\n<p><strong>O Programa<\/strong><\/p>\n<p>Melhor em Casa \u00e9 um programa com uma equipe multidisciplinar que acompanha pacientes acamados, domiciliados, com dificuldade de locomo\u00e7\u00e3o e, ou encaminhados por hospital. A visita ocorre semanalmente, o que depende da gravidade do paciente. Atualmente, est\u00e3o sendo assistidos em Coruripe 60 pacientes, o que preconiza o Minist\u00e9rio da Sa\u00fade.<\/p>\n<p>A Secret\u00e1ria de Sa\u00fade vem fazendo um novo mapeamento com pessoas que podem se enquadrar no programa Melhor em Casa. Dependendo da demanda, uma nova equipe multidisciplinar ser\u00e1 integrada ao programa composto por: m\u00e9dico, enfermeiro, fisioterapeuta, assistente social e um t\u00e9cnico de enfermagem.<\/p>\n<p>Para mais informa\u00e7\u00f5es sobre o Programa Melhor em Casa, implantado no m\u00eas de fevereiro, basta se dirigir \u00e0 Secretaria de Sa\u00fade e procurar a sala do programa.<\/p>\n<p>&nbsp;<\/p>\n<p><strong>Fonte: Secom Coruripe<\/strong><\/p>\n<p>&nbsp;<\/p>\n","protected":false},"excerpt":{"rendered":"<p>A Prefeitura de Coruripe atrav\u00e9s da Secretaria de Sa\u00fade implantou em fevereiro o Programa Melhor em Casa. A iniciativa tem por objetivo levar assist\u00eancia m\u00e9dica aos pacientes domiciliados e, ou acamados. A equipe multidisciplinar formada por um m\u00e9dico, enfermeiro, fisioterapeuta, assistente social e um t\u00e9cnico de enfermagem j\u00e1 atende 60 pacientes. O m\u00e9dico da equipe, &hellip;<\/p>\n","protected":false},"author":1,"featured_media":15212,"comment_status":"closed","ping_status":"closed","sticky":false,"template":"","format":"standard","meta":{"_jetpack_newsletter_access":"","_jetpack_dont_email_post_to_subs":false,"_jetpack_newsletter_tier_id":0,"_jetpack_memberships_contains_paywalled_content":false,"_jetpack_memberships_contains_paid_content":false,"footnotes":""},"categories":[1],"tags":[],"class_list":["post-15210","post","type-post","status-publish","format-standard","has-post-thumbnail","hentry","category-destaque"],"jetpack_sharing_enabled":true,"jetpack_featured_media_url":"","_links":{"self":[{"href":"https:\/\/www.oparanews.com.br\/index.php\/wp-json\/wp\/v2\/posts\/15210","targetHints":{"allow":["GET"]}}],"collection":[{"href":"https:\/\/www.oparanews.com.br\/index.php\/wp-json\/wp\/v2\/posts"}],"about":[{"href":"https:\/\/www.oparanews.com.br\/index.php\/wp-json\/wp\/v2\/types\/post"}],"author":[{"embeddable":true,"href":"https:\/\/www.oparanews.com.br\/index.php\/wp-json\/wp\/v2\/users\/1"}],"replies":[{"embeddable":true,"href":"https:\/\/www.oparanews.com.br\/index.php\/wp-json\/wp\/v2\/comments?post=15210"}],"version-history":[{"count":0,"href":"https:\/\/www.oparanews.com.br\/index.php\/wp-json\/wp\/v2\/posts\/15210\/revisions"}],"wp:attachment":[{"href":"https:\/\/www.oparanews.com.br\/index.php\/wp-json\/wp\/v2\/media?parent=15210"}],"wp:term":[{"taxonomy":"category","embeddable":true,"href":"https:\/\/www.oparanews.com.br\/index.php\/wp-json\/wp\/v2\/categories?post=15210"},{"taxonomy":"post_tag","embeddable":true,"href":"https:\/\/www.oparanews.com.br\/index.php\/wp-json\/wp\/v2\/tags?post=15210"}],"curies":[{"name":"wp","href":"https:\/\/api.w.org\/{rel}","templated":true}]}}