{"id":15218,"date":"2021-04-30T19:36:35","date_gmt":"2021-04-30T19:36:35","guid":{"rendered":"https:\/\/oparanews.com.br\/?p=15218"},"modified":"2021-04-30T19:36:35","modified_gmt":"2021-04-30T19:36:35","slug":"emater-alagoas-entrega-veiculos-e-anuncia-investimentos-para-penedo-e-regiao","status":"publish","type":"post","link":"https:\/\/www.oparanews.com.br\/index.php\/2021\/04\/30\/emater-alagoas-entrega-veiculos-e-anuncia-investimentos-para-penedo-e-regiao\/","title":{"rendered":"Emater Alagoas entrega ve\u00edculos e anuncia investimentos para Penedo e regi\u00e3o"},"content":{"rendered":"<p>Na v\u00e9spera Dia do Trabalhador, profissionais que prestam assist\u00eancia t\u00e9cnica por meio da Emater Alagoas para agricultores do Baixo S\u00e3o Francisco, Agreste e Litoral Sul receberam ve\u00edculos para desenvolver as atividades do dia a dia.<\/p>\n<p>A entrega dos carros aconteceu em Penedo, logo ap\u00f3s encontro entre o gestor da Emater Alagoas, Adalberon J\u00faniro, com t\u00e9cnicos do \u00f3rg\u00e3o vinculado \u00e0 Secretaria de Estado da Agricultura (Seagri) que atuam nos dez munic\u00edpios da regional cuja sede funciona em Penedo.<\/p>\n<p>A reuni\u00e3o t\u00e9cnica tamb\u00e9m contou com a participa\u00e7\u00e3o do Secret\u00e1rio Municipal de Abastecimento e Desenvolvimento Agr\u00edcola, Pedro Felipe Queiroz. A parceria entre a Semada Penedo e a Emater Alagoas foi elogiada por Adalberon J\u00fanior pela continuidade das a\u00e7\u00f5es previstas no termo de coopera\u00e7\u00e3o.<\/p>\n<p>H\u00e1 cinco anos orientando pequenos produtores rurais, em conjunto com a equipe da Semada, o t\u00e9cnico Lu\u00eds Carlos Santos destaca a import\u00e2ncia do contato direto com o agricultor, rela\u00e7\u00e3o que promove assist\u00eancia especializada e facilita acesso a servi\u00e7os, como a emiss\u00e3o da Declara\u00e7\u00e3o de Aptid\u00e3o ao Pronaf.<\/p>\n<p>Com a DAP, o produtor rural pode ter acesso a linhas de cr\u00e9dito e ser inclu\u00eddo em pol\u00edticos p\u00fablicas que asseguram a compra do que ele cultiva. Em Penedo, os programas do PNAE e do PAA adquirem alimentos produzidos pelo homem do campo do munic\u00edpio, avan\u00e7o gerado pela parceria entre os governos estadual e municipal.<\/p>\n<p><strong>Sementes<\/strong><\/p>\n<p>\u201cAgora, cerca de 600 agricultores penedenses ter\u00e3o sementes para produzir milho, feij\u00e3o e arroz. Nossa equipe cadastrou esses trabalhadores para o programa Planta Alagoas e devemos receber as sementes da Seagri na pr\u00f3xima semana\u201d, informa o Secret\u00e1rio Pedro Felipe Queiroz.<\/p>\n<p>A assist\u00eancia t\u00e9cnica em Penedo tamb\u00e9m est\u00e1 refor\u00e7ada com o trabalho da bolsista Cleice F\u00e1tima Alves. Seu trabalho na zona rural e dos demais t\u00e9cnicos \u00e9 fundamental para o trabalho que pode render mais de R$ 51.000.000,00 (cinquenta milh\u00f5es de reais) para a regional composta por Jequi\u00e1 da Praia, Coruripe, Feliz Deserto, Pia\u00e7abu\u00e7u, Penedo, Igreja Nova, Porto Real do Col\u00e9gio, S\u00e3o Sebasti\u00e3o, Junqueiro e Teot\u00f4nio Vilela.<\/p>\n<p>A estimativa foi divulgada pelo gestor da Seagri, Maykon Beltr\u00e3o. \u201cPara cada real investido por meio do Planta Alagoas, a estimativa \u00e9 que gere retorno de 30 reais. N\u00f3s estamos investindo aqui no Baixo S\u00e3o Francisco e no Litoral Sul um milh\u00e3o e setecentos mil reais e o recurso gerado pela safra tamb\u00e9m vai circular na regi\u00e3o\u201d, disse o Secret\u00e1rio Estadual de Agricultura.<\/p>\n<p>O Prefeito Ronaldo Lopes destacou os avan\u00e7os para Penedo em parceria com o Governo de Alagoas, agradecendo as boas not\u00edcias para o homem do campo e o apoio do deputado federal Marx Beltr\u00e3o e do Secret\u00e1rio Maykon Beltr\u00e3o.<\/p>\n<p>A reuni\u00e3o realizada na Casa de Aposentadoria nesta v\u00e9spera do feriado do Dia do Trabalhador tamb\u00e9m serviu para o an\u00fancio da amplia\u00e7\u00e3o do Programa do Leite em Penedo, que voltar\u00e1 a atender 200 fam\u00edlias em situa\u00e7\u00e3o de vulnerabilidade social com a distribui\u00e7\u00e3o do alimento fundamental para o desenvolvimento de crian\u00e7as.<\/p>\n<p>&nbsp;<\/p>\n<p><strong>por Fernando Vin\u00edcius \u2013 Decom PMP<\/strong><\/p>\n<p>&nbsp;<\/p>\n","protected":false},"excerpt":{"rendered":"<p>Na v\u00e9spera Dia do Trabalhador, profissionais que prestam assist\u00eancia t\u00e9cnica por meio da Emater Alagoas para agricultores do Baixo S\u00e3o Francisco, Agreste e Litoral Sul receberam ve\u00edculos para desenvolver as atividades do dia a dia. A entrega dos carros aconteceu em Penedo, logo ap\u00f3s encontro entre o gestor da Emater Alagoas, Adalberon J\u00faniro, com t\u00e9cnicos &hellip;<\/p>\n","protected":false},"author":1,"featured_media":15219,"comment_status":"closed","ping_status":"closed","sticky":false,"template":"","format":"standard","meta":{"_jetpack_newsletter_access":"","_jetpack_dont_email_post_to_subs":false,"_jetpack_newsletter_tier_id":0,"_jetpack_memberships_contains_paywalled_content":false,"_jetpack_memberships_contains_paid_content":false,"footnotes":""},"categories":[1],"tags":[],"class_list":["post-15218","post","type-post","status-publish","format-standard","has-post-thumbnail","hentry","category-destaque"],"jetpack_sharing_enabled":true,"jetpack_featured_media_url":"","_links":{"self":[{"href":"https:\/\/www.oparanews.com.br\/index.php\/wp-json\/wp\/v2\/posts\/15218","targetHints":{"allow":["GET"]}}],"collection":[{"href":"https:\/\/www.oparanews.com.br\/index.php\/wp-json\/wp\/v2\/posts"}],"about":[{"href":"https:\/\/www.oparanews.com.br\/index.php\/wp-json\/wp\/v2\/types\/post"}],"author":[{"embeddable":true,"href":"https:\/\/www.oparanews.com.br\/index.php\/wp-json\/wp\/v2\/users\/1"}],"replies":[{"embeddable":true,"href":"https:\/\/www.oparanews.com.br\/index.php\/wp-json\/wp\/v2\/comments?post=15218"}],"version-history":[{"count":0,"href":"https:\/\/www.oparanews.com.br\/index.php\/wp-json\/wp\/v2\/posts\/15218\/revisions"}],"wp:attachment":[{"href":"https:\/\/www.oparanews.com.br\/index.php\/wp-json\/wp\/v2\/media?parent=15218"}],"wp:term":[{"taxonomy":"category","embeddable":true,"href":"https:\/\/www.oparanews.com.br\/index.php\/wp-json\/wp\/v2\/categories?post=15218"},{"taxonomy":"post_tag","embeddable":true,"href":"https:\/\/www.oparanews.com.br\/index.php\/wp-json\/wp\/v2\/tags?post=15218"}],"curies":[{"name":"wp","href":"https:\/\/api.w.org\/{rel}","templated":true}]}}