{"id":15228,"date":"2021-05-01T00:11:48","date_gmt":"2021-05-01T00:11:48","guid":{"rendered":"https:\/\/oparanews.com.br\/?p=15228"},"modified":"2021-05-01T00:11:48","modified_gmt":"2021-05-01T00:11:48","slug":"conta-de-luz-ficara-mais-cara-em-maio-em-todo-o-pais","status":"publish","type":"post","link":"https:\/\/www.oparanews.com.br\/index.php\/2021\/05\/01\/conta-de-luz-ficara-mais-cara-em-maio-em-todo-o-pais\/","title":{"rendered":"Conta de luz ficar\u00e1 mais cara em maio em todo o pa\u00eds"},"content":{"rendered":"<p>A Ag\u00eancia Nacional de Energia El\u00e9trica (Aneel) informou nesta sexta-feira (30) que a conta de luz ter\u00e1 bandeira vermelha 1 no m\u00eas de maio. Isso significa que ser\u00e1 cobrada uma taxa adicional mais alta, de R$ 4,169 para cada 100 kWh.<\/p>\n<p>Em abril, as faturas de todo o pa\u00eds foram fechadas com bandeira amarela, que representa R$ 1,34 a mais a cada 100 kWh. Segundo a Aneel, o &#8220;agravamento&#8221; da bandeira tem rela\u00e7\u00e3o com a \u00e9poca do ano, j\u00e1 que o m\u00eas de maio marca o in\u00edcio da esta\u00e7\u00e3o seca em boa parte do pa\u00eds.<\/p>\n<p>Os reservat\u00f3rios das principais usinas hidrel\u00e9tricas do pa\u00eds j\u00e1 est\u00e3o baixos, mesmo ao fim da temporada de chuvas. O cen\u00e1rio, diz a ag\u00eancia, sinaliza um &#8220;patamar desfavor\u00e1vel de produ\u00e7\u00e3o&#8221; de eletricidade \u2013 quanto menos \u00e1gua guardada, maior a necessidade de acionamento das termel\u00e9tricas, que s\u00e3o mais caras.<\/p>\n<p>&#8220;Essa conjuntura sinaliza patamar desfavor\u00e1vel de produ\u00e7\u00e3o pelas hidrel\u00e9tricas e elevada necessidade de acionamento do parque termel\u00e9trico, pressionando os custos relacionados ao risco hidrol\u00f3gico (GSF) e o pre\u00e7o da energia no mercado de curto de prazo (PLD). A concilia\u00e7\u00e3o desses indicadores levou ao acionamento do patamar 1 da Bandeira Vermelha&#8221;, informou a Aneel.<\/p>\n<p>&nbsp;<\/p>\n<p><strong>Fonte: G1<\/strong><\/p>\n<p>&nbsp;<\/p>\n","protected":false},"excerpt":{"rendered":"<p>A Ag\u00eancia Nacional de Energia El\u00e9trica (Aneel) informou nesta sexta-feira (30) que a conta de luz ter\u00e1 bandeira vermelha 1 no m\u00eas de maio. Isso significa que ser\u00e1 cobrada uma taxa adicional mais alta, de R$ 4,169 para cada 100 kWh. Em abril, as faturas de todo o pa\u00eds foram fechadas com bandeira amarela, que &hellip;<\/p>\n","protected":false},"author":1,"featured_media":15229,"comment_status":"closed","ping_status":"closed","sticky":false,"template":"","format":"standard","meta":{"_jetpack_newsletter_access":"","_jetpack_dont_email_post_to_subs":false,"_jetpack_newsletter_tier_id":0,"_jetpack_memberships_contains_paywalled_content":false,"_jetpack_memberships_contains_paid_content":false,"footnotes":""},"categories":[1],"tags":[],"class_list":["post-15228","post","type-post","status-publish","format-standard","has-post-thumbnail","hentry","category-destaque"],"jetpack_sharing_enabled":true,"jetpack_featured_media_url":"","_links":{"self":[{"href":"https:\/\/www.oparanews.com.br\/index.php\/wp-json\/wp\/v2\/posts\/15228","targetHints":{"allow":["GET"]}}],"collection":[{"href":"https:\/\/www.oparanews.com.br\/index.php\/wp-json\/wp\/v2\/posts"}],"about":[{"href":"https:\/\/www.oparanews.com.br\/index.php\/wp-json\/wp\/v2\/types\/post"}],"author":[{"embeddable":true,"href":"https:\/\/www.oparanews.com.br\/index.php\/wp-json\/wp\/v2\/users\/1"}],"replies":[{"embeddable":true,"href":"https:\/\/www.oparanews.com.br\/index.php\/wp-json\/wp\/v2\/comments?post=15228"}],"version-history":[{"count":0,"href":"https:\/\/www.oparanews.com.br\/index.php\/wp-json\/wp\/v2\/posts\/15228\/revisions"}],"wp:attachment":[{"href":"https:\/\/www.oparanews.com.br\/index.php\/wp-json\/wp\/v2\/media?parent=15228"}],"wp:term":[{"taxonomy":"category","embeddable":true,"href":"https:\/\/www.oparanews.com.br\/index.php\/wp-json\/wp\/v2\/categories?post=15228"},{"taxonomy":"post_tag","embeddable":true,"href":"https:\/\/www.oparanews.com.br\/index.php\/wp-json\/wp\/v2\/tags?post=15228"}],"curies":[{"name":"wp","href":"https:\/\/api.w.org\/{rel}","templated":true}]}}