{"id":15231,"date":"2021-05-01T00:18:48","date_gmt":"2021-05-01T00:18:48","guid":{"rendered":"https:\/\/oparanews.com.br\/?p=15231"},"modified":"2021-05-01T00:18:48","modified_gmt":"2021-05-01T00:18:48","slug":"fausto-silva-fecha-contrato-de-cinco-anos-com-a-band","status":"publish","type":"post","link":"https:\/\/www.oparanews.com.br\/index.php\/2021\/05\/01\/fausto-silva-fecha-contrato-de-cinco-anos-com-a-band\/","title":{"rendered":"Fausto Silva fecha contrato de cinco anos com a Band"},"content":{"rendered":"<p>Em contagem regressiva para deixar a Globo, o apresentador Fausto Silva assina na pr\u00f3xima semana contrato de cinco anos com a Band, valendo a partir de 2022. O jornalista e apresentador do Doming\u00e3o do Faust\u00e3o, que trabalha desde os 14 anos e completa 71 neste domingo (2), vai apresentar um programa semanal no in\u00edcio das noites de domingo ou um di\u00e1rio, encerrando o hor\u00e1rio nobre.<\/p>\n<p>Ser\u00e1 o retorno de Faust\u00e3o, provavelmente o maior sal\u00e1rio da TV brasileira nas \u00faltimas d\u00e9cadas, \u00e0 emissora que o projetou nacionalmente nos anos 1980, atraindo o interesse da Globo. Embora tenha estreado na TV Gazeta em 1984 e passado pela Record pr\u00e9-Igreja Universal, foi na Band que Fausto Silva alcan\u00e7ou todo o pa\u00eds com o lend\u00e1rio Perdidos da Noite (1984-1988), programa que expunha bastidores e erros de produ\u00e7\u00e3o, um marco para a \u00e9poca.<\/p>\n<p>\u00c0 reportagem, a Band confirmou e celebrou a contrata\u00e7\u00e3o de Faust\u00e3o para seu quadro: &#8220;A volta de Fausto Silva \u00e0 Band em janeiro \u00e9 um sonho antigo do Grupo, que sempre admirou seu car\u00e1ter \u00e9tico, seu talento e seu jeito de inovar e fabricar sucesso. Aqui na Band, sempre foi muito querido e durante os seus anos de Globo nunca perdeu a amizade de 40 anos com os irm\u00e3os Jo\u00e3o e Ricardo Saad. Na Band, quando saiu, s\u00f3 deixou muitos amigos e grandes lembran\u00e7as&#8221;.<\/p>\n<p>&nbsp;<\/p>\n<p><strong>Fonte: Not\u00edcias da TV<\/strong><\/p>\n<p>&nbsp;<\/p>\n","protected":false},"excerpt":{"rendered":"<p>Em contagem regressiva para deixar a Globo, o apresentador Fausto Silva assina na pr\u00f3xima semana contrato de cinco anos com a Band, valendo a partir de 2022. O jornalista e apresentador do Doming\u00e3o do Faust\u00e3o, que trabalha desde os 14 anos e completa 71 neste domingo (2), vai apresentar um programa semanal no in\u00edcio das &hellip;<\/p>\n","protected":false},"author":1,"featured_media":15232,"comment_status":"closed","ping_status":"closed","sticky":false,"template":"","format":"standard","meta":{"_jetpack_newsletter_access":"","_jetpack_dont_email_post_to_subs":false,"_jetpack_newsletter_tier_id":0,"_jetpack_memberships_contains_paywalled_content":false,"_jetpack_memberships_contains_paid_content":false,"footnotes":""},"categories":[1],"tags":[],"class_list":["post-15231","post","type-post","status-publish","format-standard","has-post-thumbnail","hentry","category-destaque"],"jetpack_sharing_enabled":true,"jetpack_featured_media_url":"","_links":{"self":[{"href":"https:\/\/www.oparanews.com.br\/index.php\/wp-json\/wp\/v2\/posts\/15231","targetHints":{"allow":["GET"]}}],"collection":[{"href":"https:\/\/www.oparanews.com.br\/index.php\/wp-json\/wp\/v2\/posts"}],"about":[{"href":"https:\/\/www.oparanews.com.br\/index.php\/wp-json\/wp\/v2\/types\/post"}],"author":[{"embeddable":true,"href":"https:\/\/www.oparanews.com.br\/index.php\/wp-json\/wp\/v2\/users\/1"}],"replies":[{"embeddable":true,"href":"https:\/\/www.oparanews.com.br\/index.php\/wp-json\/wp\/v2\/comments?post=15231"}],"version-history":[{"count":0,"href":"https:\/\/www.oparanews.com.br\/index.php\/wp-json\/wp\/v2\/posts\/15231\/revisions"}],"wp:attachment":[{"href":"https:\/\/www.oparanews.com.br\/index.php\/wp-json\/wp\/v2\/media?parent=15231"}],"wp:term":[{"taxonomy":"category","embeddable":true,"href":"https:\/\/www.oparanews.com.br\/index.php\/wp-json\/wp\/v2\/categories?post=15231"},{"taxonomy":"post_tag","embeddable":true,"href":"https:\/\/www.oparanews.com.br\/index.php\/wp-json\/wp\/v2\/tags?post=15231"}],"curies":[{"name":"wp","href":"https:\/\/api.w.org\/{rel}","templated":true}]}}