{"id":15234,"date":"2021-05-01T00:21:56","date_gmt":"2021-05-01T00:21:56","guid":{"rendered":"https:\/\/oparanews.com.br\/?p=15234"},"modified":"2021-05-01T00:21:56","modified_gmt":"2021-05-01T00:21:56","slug":"wilson-witzel-sofre-impeachment-por-votacao-unanime-em-tribunal-no-rio","status":"publish","type":"post","link":"https:\/\/www.oparanews.com.br\/index.php\/2021\/05\/01\/wilson-witzel-sofre-impeachment-por-votacao-unanime-em-tribunal-no-rio\/","title":{"rendered":"Wilson Witzel sofre impeachment por vota\u00e7\u00e3o un\u00e2nime em tribunal no Rio"},"content":{"rendered":"<p>O Tribunal Especial Misto (TEM) decidiu de forma un\u00e2nime aprovar o impeachment de Wilson Witzel (PSC) nesta sexta-feira (30). Afastado por 10 votos a 0, o agora ex-governador do Rio de Janeiro tamb\u00e9m perdeu os seus direitos pol\u00edticos por um per\u00edodo de cinco anos, com derrota que veio por 9 votos a 1.<\/p>\n<p>Com o resultado, Witzel se torna o primeiro governador do Brasil a ser afastado em definitivo por meio de um processo de impeachment desde a redemocratiza\u00e7\u00e3o. O ex-juiz foi o sexto chefe do Executivo do Rio de Janeiro acusado de corrup\u00e7\u00e3o.<\/p>\n<p>Agora, o governador interino Cl\u00e1udio Castro (PSC) assumir\u00e1 definitivamente o governo do estado em cerim\u00f4nias que devem ocorrer j\u00e1 neste s\u00e1bado (1\u00ba). Aliado do presidente Jair Bolsonaro (sem partido), Castro tamb\u00e9m \u00e9 investigado no mesmo esquema de propina na Secretaria de Sa\u00fade que levou ao impeachment de seu antecessor.<\/p>\n<p>Witzel foi acusado de crime de responsabilidade e de irregularidades na contrata\u00e7\u00e3o dos hospitais de campanha para o combate \u00e0 pandemia do novo coronav\u00edrus (Sars-CoV-2). Ele tamb\u00e9m foi responsabilizado por supostamente ter favorecido um empres\u00e1rio ao anular a puni\u00e7\u00e3o a uma organiza\u00e7\u00e3o social por sua atua\u00e7\u00e3o na Secretaria de Sa\u00fade.<\/p>\n<p>As acusa\u00e7\u00f5es do processo de impeachment foram feitas pelos deputados Luiz Paulo (Cidadania) e Lucinha (PSDB).<\/p>\n<p>&nbsp;<\/p>\n<p><strong>Fonte: IG<\/strong><\/p>\n<p>&nbsp;<\/p>\n","protected":false},"excerpt":{"rendered":"<p>O Tribunal Especial Misto (TEM) decidiu de forma un\u00e2nime aprovar o impeachment de Wilson Witzel (PSC) nesta sexta-feira (30). Afastado por 10 votos a 0, o agora ex-governador do Rio de Janeiro tamb\u00e9m perdeu os seus direitos pol\u00edticos por um per\u00edodo de cinco anos, com derrota que veio por 9 votos a 1. Com o &hellip;<\/p>\n","protected":false},"author":1,"featured_media":15235,"comment_status":"closed","ping_status":"closed","sticky":false,"template":"","format":"standard","meta":{"_jetpack_newsletter_access":"","_jetpack_dont_email_post_to_subs":false,"_jetpack_newsletter_tier_id":0,"_jetpack_memberships_contains_paywalled_content":false,"_jetpack_memberships_contains_paid_content":false,"footnotes":""},"categories":[1],"tags":[],"class_list":["post-15234","post","type-post","status-publish","format-standard","has-post-thumbnail","hentry","category-destaque"],"jetpack_sharing_enabled":true,"jetpack_featured_media_url":"","_links":{"self":[{"href":"https:\/\/www.oparanews.com.br\/index.php\/wp-json\/wp\/v2\/posts\/15234","targetHints":{"allow":["GET"]}}],"collection":[{"href":"https:\/\/www.oparanews.com.br\/index.php\/wp-json\/wp\/v2\/posts"}],"about":[{"href":"https:\/\/www.oparanews.com.br\/index.php\/wp-json\/wp\/v2\/types\/post"}],"author":[{"embeddable":true,"href":"https:\/\/www.oparanews.com.br\/index.php\/wp-json\/wp\/v2\/users\/1"}],"replies":[{"embeddable":true,"href":"https:\/\/www.oparanews.com.br\/index.php\/wp-json\/wp\/v2\/comments?post=15234"}],"version-history":[{"count":0,"href":"https:\/\/www.oparanews.com.br\/index.php\/wp-json\/wp\/v2\/posts\/15234\/revisions"}],"wp:attachment":[{"href":"https:\/\/www.oparanews.com.br\/index.php\/wp-json\/wp\/v2\/media?parent=15234"}],"wp:term":[{"taxonomy":"category","embeddable":true,"href":"https:\/\/www.oparanews.com.br\/index.php\/wp-json\/wp\/v2\/categories?post=15234"},{"taxonomy":"post_tag","embeddable":true,"href":"https:\/\/www.oparanews.com.br\/index.php\/wp-json\/wp\/v2\/tags?post=15234"}],"curies":[{"name":"wp","href":"https:\/\/api.w.org\/{rel}","templated":true}]}}