{"id":15237,"date":"2021-05-01T00:39:15","date_gmt":"2021-05-01T00:39:15","guid":{"rendered":"https:\/\/oparanews.com.br\/?p=15237"},"modified":"2021-05-01T00:39:15","modified_gmt":"2021-05-01T00:39:15","slug":"publico-se-revolta-com-possivel-retorno-de-victor-e-leo","status":"publish","type":"post","link":"https:\/\/www.oparanews.com.br\/index.php\/2021\/05\/01\/publico-se-revolta-com-possivel-retorno-de-victor-e-leo\/","title":{"rendered":"P\u00fablico se revolta com poss\u00edvel retorno de Victor e L\u00e9o"},"content":{"rendered":"<p>Conhecidos pelos seus in\u00fameros sucessos, Victor e L\u00e9o conquistaram milhares de f\u00e3s pelo Brasil em meados dos anos 2000. Donos de hits como \u201cDeus e eu no sert\u00e3o\u201d e \u201cTem que Ser Voc\u00ea\u201d, os famosos tiveram que lidar com os esc\u00e2ndalos envolvendo suas vidas \u00edntimas e chegaram a se separaram em 2018.<\/p>\n<p>Para quem n\u00e3o lembra, a separa\u00e7\u00e3o ocorreu ap\u00f3s o esc\u00e2ndalo de agress\u00e3o envolvendo Victor Chaves, que foi acusado de ter batido em Poliana Bragantini, sua ex-esposa, que na \u00e9poca estava gr\u00e1vida. Acontece que, por volta de 2019, o cantor foi condenado depois de diversas amea\u00e7as e boletins de ocorr\u00eancia,<\/p>\n<p><strong>AGRESS\u00c3O EM ELEVADOR<\/strong><\/p>\n<p>O caso de Vitor n\u00e3o parou por a\u00ed, na \u00e9poca, o casal entrou em uma ferrenha briga no elevador e os v\u00eddeos de c\u00e2mera de seguran\u00e7a provam o que houve. Na ocasi\u00e3o, a esposa caiu no ch\u00e3o e o cantor chutou ela, empurrando-a de volta para dentro do elevador. A situa\u00e7\u00e3o ficou ainda pior quando as imagens foram liberadas nas redes sociais.<\/p>\n<p><strong>DEBOCHE<\/strong><\/p>\n<p>Na \u00e9poca, Victor publicou um v\u00eddeo na internet onde ria dos coment\u00e1rios nas redes sociais dizendo que ele agrediu a esposa, embora v\u00eddeos divulgados oficialmente pela justi\u00e7a comprovem que foi exatamente isso que aconteceu, levando-o a ser preso por 18 dias.<\/p>\n<p><strong>VOLTA REPENTINA<\/strong><\/p>\n<p>O fim da dupla foi anunciado em 2018 quando Leo decidiu come\u00e7ar sua carreira solo. No entanto, os cantores n\u00e3o tiveram tantos sucessos separados, por conta disso, segundo informa\u00e7\u00f5es de Fab\u00edola Reipert, eles est\u00e3o prestes a retomar os trabalhos como dupla, preparados, inclusive, para sair em turn\u00ea daqui alguns anos.<\/p>\n<p>&nbsp;<\/p>\n<p><strong>Fonte: IG<\/strong><\/p>\n<p>&nbsp;<\/p>\n","protected":false},"excerpt":{"rendered":"<p>Conhecidos pelos seus in\u00fameros sucessos, Victor e L\u00e9o conquistaram milhares de f\u00e3s pelo Brasil em meados dos anos 2000. Donos de hits como \u201cDeus e eu no sert\u00e3o\u201d e \u201cTem que Ser Voc\u00ea\u201d, os famosos tiveram que lidar com os esc\u00e2ndalos envolvendo suas vidas \u00edntimas e chegaram a se separaram em 2018. Para quem n\u00e3o &hellip;<\/p>\n","protected":false},"author":1,"featured_media":15239,"comment_status":"closed","ping_status":"closed","sticky":false,"template":"","format":"standard","meta":{"_jetpack_newsletter_access":"","_jetpack_dont_email_post_to_subs":false,"_jetpack_newsletter_tier_id":0,"_jetpack_memberships_contains_paywalled_content":false,"_jetpack_memberships_contains_paid_content":false,"footnotes":""},"categories":[1],"tags":[],"class_list":["post-15237","post","type-post","status-publish","format-standard","has-post-thumbnail","hentry","category-destaque"],"jetpack_sharing_enabled":true,"jetpack_featured_media_url":"","_links":{"self":[{"href":"https:\/\/www.oparanews.com.br\/index.php\/wp-json\/wp\/v2\/posts\/15237","targetHints":{"allow":["GET"]}}],"collection":[{"href":"https:\/\/www.oparanews.com.br\/index.php\/wp-json\/wp\/v2\/posts"}],"about":[{"href":"https:\/\/www.oparanews.com.br\/index.php\/wp-json\/wp\/v2\/types\/post"}],"author":[{"embeddable":true,"href":"https:\/\/www.oparanews.com.br\/index.php\/wp-json\/wp\/v2\/users\/1"}],"replies":[{"embeddable":true,"href":"https:\/\/www.oparanews.com.br\/index.php\/wp-json\/wp\/v2\/comments?post=15237"}],"version-history":[{"count":0,"href":"https:\/\/www.oparanews.com.br\/index.php\/wp-json\/wp\/v2\/posts\/15237\/revisions"}],"wp:attachment":[{"href":"https:\/\/www.oparanews.com.br\/index.php\/wp-json\/wp\/v2\/media?parent=15237"}],"wp:term":[{"taxonomy":"category","embeddable":true,"href":"https:\/\/www.oparanews.com.br\/index.php\/wp-json\/wp\/v2\/categories?post=15237"},{"taxonomy":"post_tag","embeddable":true,"href":"https:\/\/www.oparanews.com.br\/index.php\/wp-json\/wp\/v2\/tags?post=15237"}],"curies":[{"name":"wp","href":"https:\/\/api.w.org\/{rel}","templated":true}]}}