{"id":15241,"date":"2021-05-01T00:52:51","date_gmt":"2021-05-01T00:52:51","guid":{"rendered":"https:\/\/oparanews.com.br\/?p=15241"},"modified":"2021-05-01T00:52:51","modified_gmt":"2021-05-01T00:52:51","slug":"campanha-de-vacinacao-contra-influenza-inicia-na-proxima-quarta-feira-5","status":"publish","type":"post","link":"https:\/\/www.oparanews.com.br\/index.php\/2021\/05\/01\/campanha-de-vacinacao-contra-influenza-inicia-na-proxima-quarta-feira-5\/","title":{"rendered":"Campanha de Vacina\u00e7\u00e3o contra Influenza inicia na pr\u00f3xima quarta-feira (5)"},"content":{"rendered":"<p>A Secretaria de Estado da Sa\u00fade (Sesau), em parceria com os 102 munic\u00edpios alagoanos, inicia, na pr\u00f3xima quarta-feira (5), a Campanha de Vacina\u00e7\u00e3o contra a Influenza 2021. A a\u00e7\u00e3o visa imunizar, at\u00e9 o dia 9 de julho, pelo menos 90% dos 1.197.444 alagoanos que integram o p\u00fablico-alvo estabelecido pelo Minist\u00e9rio da Sa\u00fade (MS).<\/p>\n<p>Para o \u00eaxito da imuniza\u00e7\u00e3o, a Campanha de Vacina\u00e7\u00e3o contra a Influenza 2021 ser\u00e1 dividida em tr\u00eas etapas, conforme estabelecido pelo Programa Nacional de Imuniza\u00e7\u00e3o (PNI). A primeira come\u00e7a na quarta-feira (5) e vai at\u00e9 o dia 26 de maio, sendo destinada a crian\u00e7as de seis meses a menores de seis anos, gestantes, pu\u00e9rperas, povos ind\u00edgenas e trabalhadores da sa\u00fade, totalizando 419.824 pessoas.<\/p>\n<p>J\u00e1 a segunda etapa Campanha de Vacina\u00e7\u00e3o contra a Influenza 2021, que vai vacinar 423.879 pessoas, tem como p\u00fablico-alvo os idosos com 60 anos e mais, al\u00e9m dos professores. E a terceira e \u00faltima etapa vai vacinar 353.741 alagoanos, entre pessoas com comorbidades, com defici\u00eancia permanente, caminhoneiros, trabalhadores do transporte coletivo e rodovi\u00e1rio, trabalhadores portu\u00e1rios, for\u00e7as de seguran\u00e7a e salvamento, for\u00e7as armadas, funcion\u00e1rios do Sistema Prisional, popula\u00e7\u00e3o privada de liberdade e adolescentes e jovens em medidas socioeducativas.<\/p>\n<p>Ind\u00edgenas e Crian\u00e7as &#8211; \u00c9 importante ressaltar que, no caso das crian\u00e7as com 6 meses at\u00e9 menores de seis anos, que ir\u00e3o tomar a vacina contra a Influenza pela primeira vez, o esquema vacinal \u00e9 composto por duas doses com intervalo de 30 dias entre as doses. J\u00e1, com rela\u00e7\u00e3o aos ind\u00edgenas, todos acima de seis meses de idade devem ser vacinados e, no caso das crian\u00e7as ind\u00edgenas com idade at\u00e9 oito anos, que ir\u00e3o ser vacinadas pela primeira vez, \u00e9 necess\u00e1rio que se tome uma segunda dose ap\u00f3s 30 dias da primeira.<\/p>\n<p>A exemplo de todas as vacinas, existem precau\u00e7\u00f5es que devem ser adotadas, segundo a assessora do PNI em Alagoas, Rafaela Siqueira. \u201cNo caso de pessoas com doen\u00e7as febris agudas, moderadas ou graves, \u00e9 recomendado adiar a aplica\u00e7\u00e3o at\u00e9 a resolu\u00e7\u00e3o do quadro cl\u00ednico. Com rela\u00e7\u00e3o \u00e0queles que est\u00e3o com suspeita ou com diagn\u00f3stico confirmado para Covid-19, s\u00f3 poder\u00e3o tomar a vacina contra a Influenza ap\u00f3s a recupera\u00e7\u00e3o total e pelo menos quatro semanas ap\u00f3s o in\u00edcio dos sintomas\u201d, informou.<\/p>\n<p>Ainda de acordo com ela, todas as pessoas com hist\u00f3rico de alergia ao ovo de galinha n\u00e3o podem ser vacinadas contra a Influenza, com exce\u00e7\u00e3o daquelas que apresentam apenas urtic\u00e1ria, sem haver desconforto respirat\u00f3rio ou v\u00f4mitos. Nestes casos, a aplica\u00e7\u00e3o pode ser feita, mas, apenas, sob supervis\u00e3o m\u00e9dica.<\/p>\n<p>\u201cJ\u00e1 as contraindica\u00e7\u00f5es s\u00e3o para crian\u00e7as menores de seis meses de idade e com hist\u00f3ria de alergias graves a doses anteriores da vacina contra a Influenza\u201d, ressaltou Rafael Siqueira. Ao enfatizar que, as pessoas do p\u00fablico-alvo que ainda n\u00e3o tenham se imunizado contra a Covid-19, devem tomar primeiro a CoronaVac ou a AstraZeneca e, somente ap\u00f3s 14 dias, devem retornar aos postos de vacina\u00e7\u00e3o para receberem a dose da vacina contra a Influenza.<\/p>\n<p>&nbsp;<\/p>\n<p><strong>Fonte: Ag\u00eancia Alagoas<\/strong><\/p>\n<p>&nbsp;<\/p>\n","protected":false},"excerpt":{"rendered":"<p>A Secretaria de Estado da Sa\u00fade (Sesau), em parceria com os 102 munic\u00edpios alagoanos, inicia, na pr\u00f3xima quarta-feira (5), a Campanha de Vacina\u00e7\u00e3o contra a Influenza 2021. A a\u00e7\u00e3o visa imunizar, at\u00e9 o dia 9 de julho, pelo menos 90% dos 1.197.444 alagoanos que integram o p\u00fablico-alvo estabelecido pelo Minist\u00e9rio da Sa\u00fade (MS). Para o &hellip;<\/p>\n","protected":false},"author":1,"featured_media":15242,"comment_status":"closed","ping_status":"closed","sticky":false,"template":"","format":"standard","meta":{"_jetpack_newsletter_access":"","_jetpack_dont_email_post_to_subs":false,"_jetpack_newsletter_tier_id":0,"_jetpack_memberships_contains_paywalled_content":false,"_jetpack_memberships_contains_paid_content":false,"footnotes":""},"categories":[1],"tags":[],"class_list":["post-15241","post","type-post","status-publish","format-standard","has-post-thumbnail","hentry","category-destaque"],"jetpack_sharing_enabled":true,"jetpack_featured_media_url":"","_links":{"self":[{"href":"https:\/\/www.oparanews.com.br\/index.php\/wp-json\/wp\/v2\/posts\/15241","targetHints":{"allow":["GET"]}}],"collection":[{"href":"https:\/\/www.oparanews.com.br\/index.php\/wp-json\/wp\/v2\/posts"}],"about":[{"href":"https:\/\/www.oparanews.com.br\/index.php\/wp-json\/wp\/v2\/types\/post"}],"author":[{"embeddable":true,"href":"https:\/\/www.oparanews.com.br\/index.php\/wp-json\/wp\/v2\/users\/1"}],"replies":[{"embeddable":true,"href":"https:\/\/www.oparanews.com.br\/index.php\/wp-json\/wp\/v2\/comments?post=15241"}],"version-history":[{"count":0,"href":"https:\/\/www.oparanews.com.br\/index.php\/wp-json\/wp\/v2\/posts\/15241\/revisions"}],"wp:attachment":[{"href":"https:\/\/www.oparanews.com.br\/index.php\/wp-json\/wp\/v2\/media?parent=15241"}],"wp:term":[{"taxonomy":"category","embeddable":true,"href":"https:\/\/www.oparanews.com.br\/index.php\/wp-json\/wp\/v2\/categories?post=15241"},{"taxonomy":"post_tag","embeddable":true,"href":"https:\/\/www.oparanews.com.br\/index.php\/wp-json\/wp\/v2\/tags?post=15241"}],"curies":[{"name":"wp","href":"https:\/\/api.w.org\/{rel}","templated":true}]}}