{"id":15244,"date":"2021-05-01T01:18:50","date_gmt":"2021-05-01T01:18:50","guid":{"rendered":"https:\/\/oparanews.com.br\/?p=15244"},"modified":"2021-05-01T01:18:50","modified_gmt":"2021-05-01T01:18:50","slug":"audio-oparanews-presente-na-entrega-de-veiculos-pela-emater-al-em-penedo","status":"publish","type":"post","link":"https:\/\/www.oparanews.com.br\/index.php\/2021\/05\/01\/audio-oparanews-presente-na-entrega-de-veiculos-pela-emater-al-em-penedo\/","title":{"rendered":"\u00c1UDIO: OparaNews presente na entrega de ve\u00edculos pela Emater\/AL em Penedo"},"content":{"rendered":"<p>Nesta sexta-feira, 30, foi realizado um encontro na Casa de Aposentadoria de Penedo com representantes do EMATER\/AL e da Secretaria Estadual de Agricultura de Alagoas.<\/p>\n<p>Ap\u00f3s a reuni\u00e3o, foi oficializada a entrega de ve\u00edculos para os profissionais que prestam assist\u00eancia t\u00e9cnica por meio da Emater Alagoas para agricultores do Baixo S\u00e3o Francisco, Agreste e Litoral Sul receberam ve\u00edculos para desenvolver as atividades do dia a dia.<\/p>\n<p>Confira abaixo as entrevistas feitas pelo rep\u00f3rter Valdi Fernando.<\/p>\n<p><strong><a href=\"https:\/\/oparanews.com.br\/wp-content\/uploads\/2021\/05\/1-1.jpg\"><img loading=\"lazy\" decoding=\"async\" class=\"alignleft size-thumbnail wp-image-15248\" src=\"https:\/\/oparanews.com.br\/wp-content\/uploads\/2021\/05\/1-1-150x150.jpg\" alt=\"\" width=\"150\" height=\"150\" \/><\/a>SECRET\u00c1RIA DE CULTURA &#8211; ALYNE COSTA<\/strong><\/p>\n<audio class=\"wp-audio-shortcode\" id=\"audio-15244-1\" preload=\"none\" style=\"width: 100%;\" controls=\"controls\"><source type=\"audio\/mpeg\" src=\"https:\/\/oparanews.com.br\/wp-content\/uploads\/2021\/04\/\u00c1UDIO-ALINE-COSTA.mp3?_=1\" \/><a href=\"https:\/\/oparanews.com.br\/wp-content\/uploads\/2021\/04\/\u00c1UDIO-ALINE-COSTA.mp3\">https:\/\/oparanews.com.br\/wp-content\/uploads\/2021\/04\/\u00c1UDIO-ALINE-COSTA.mp3<\/a><\/audio>\n<p><strong><a href=\"https:\/\/oparanews.com.br\/wp-content\/uploads\/2021\/05\/5.jpg\"><img loading=\"lazy\" decoding=\"async\" class=\"alignleft size-thumbnail wp-image-15246\" src=\"https:\/\/oparanews.com.br\/wp-content\/uploads\/2021\/05\/5-150x150.jpg\" alt=\"\" width=\"150\" height=\"150\" \/><\/a>DEPUTADO FEDERAL &#8211; MARX BELTR\u00c3O<\/strong><\/p>\n<audio class=\"wp-audio-shortcode\" id=\"audio-15244-2\" preload=\"none\" style=\"width: 100%;\" controls=\"controls\"><source type=\"audio\/mpeg\" src=\"https:\/\/oparanews.com.br\/wp-content\/uploads\/2021\/04\/\u00c1UDIO-MARX-BELTRAO.mp3?_=2\" \/><a href=\"https:\/\/oparanews.com.br\/wp-content\/uploads\/2021\/04\/\u00c1UDIO-MARX-BELTRAO.mp3\">https:\/\/oparanews.com.br\/wp-content\/uploads\/2021\/04\/\u00c1UDIO-MARX-BELTRAO.mp3<\/a><\/audio>\n<p><strong><a href=\"https:\/\/oparanews.com.br\/wp-content\/uploads\/2021\/05\/2.jpg\"><img loading=\"lazy\" decoding=\"async\" class=\"alignleft size-thumbnail wp-image-15247\" src=\"https:\/\/oparanews.com.br\/wp-content\/uploads\/2021\/05\/2-150x150.jpg\" alt=\"\" width=\"150\" height=\"150\" \/><\/a>SECRET\u00c1RIO DE AGRICULTURA DE ALAGOAS &#8211; MAYKON BELTR\u00c3O<\/strong><\/p>\n<audio class=\"wp-audio-shortcode\" id=\"audio-15244-3\" preload=\"none\" style=\"width: 100%;\" controls=\"controls\"><source type=\"audio\/mpeg\" src=\"https:\/\/oparanews.com.br\/wp-content\/uploads\/2021\/04\/AUDIO-MAYKON-BELTRAO.mp3?_=3\" \/><a href=\"https:\/\/oparanews.com.br\/wp-content\/uploads\/2021\/04\/AUDIO-MAYKON-BELTRAO.mp3\">https:\/\/oparanews.com.br\/wp-content\/uploads\/2021\/04\/AUDIO-MAYKON-BELTRAO.mp3<\/a><\/audio>\n<p><strong><a href=\"https:\/\/oparanews.com.br\/wp-content\/uploads\/2021\/05\/3.jpg\"><img loading=\"lazy\" decoding=\"async\" class=\"alignleft size-thumbnail wp-image-15250\" src=\"https:\/\/oparanews.com.br\/wp-content\/uploads\/2021\/05\/3-150x150.jpg\" alt=\"\" width=\"150\" height=\"150\" \/><\/a>VICE-PREFEITO DE PENEDO &#8211; JO\u00c3O LUCAS<\/strong><\/p>\n<audio class=\"wp-audio-shortcode\" id=\"audio-15244-4\" preload=\"none\" style=\"width: 100%;\" controls=\"controls\"><source type=\"audio\/mpeg\" src=\"https:\/\/oparanews.com.br\/wp-content\/uploads\/2021\/04\/AUDIO-JOAO-LUCAS.mp3?_=4\" \/><a href=\"https:\/\/oparanews.com.br\/wp-content\/uploads\/2021\/04\/AUDIO-JOAO-LUCAS.mp3\">https:\/\/oparanews.com.br\/wp-content\/uploads\/2021\/04\/AUDIO-JOAO-LUCAS.mp3<\/a><\/audio>\n<p><strong><a href=\"https:\/\/oparanews.com.br\/wp-content\/uploads\/2021\/05\/4.jpg\"><img loading=\"lazy\" decoding=\"async\" class=\"alignleft size-thumbnail wp-image-15249\" src=\"https:\/\/oparanews.com.br\/wp-content\/uploads\/2021\/05\/4-150x150.jpg\" alt=\"\" width=\"150\" height=\"150\" \/><\/a>SECRET\u00c1RIO DE ABASTECIMENTO DE DESENVOLVIMENTO AGR\u00cdCOLA DE PENEDO &#8211; PEDRO FELIPE QUEIROZ<\/strong><\/p>\n<audio class=\"wp-audio-shortcode\" id=\"audio-15244-5\" preload=\"none\" style=\"width: 100%;\" controls=\"controls\"><source type=\"audio\/mpeg\" src=\"https:\/\/oparanews.com.br\/wp-content\/uploads\/2021\/04\/AUDIO-PEDRO-QUEIROZ.mp3?_=5\" \/><a href=\"https:\/\/oparanews.com.br\/wp-content\/uploads\/2021\/04\/AUDIO-PEDRO-QUEIROZ.mp3\">https:\/\/oparanews.com.br\/wp-content\/uploads\/2021\/04\/AUDIO-PEDRO-QUEIROZ.mp3<\/a><\/audio>\n<p><strong><a href=\"https:\/\/oparanews.com.br\/wp-content\/uploads\/2021\/04\/IMG-20210412-WA0013.jpg\"><img loading=\"lazy\" decoding=\"async\" class=\"alignleft size-thumbnail wp-image-14656\" src=\"https:\/\/oparanews.com.br\/wp-content\/uploads\/2021\/04\/IMG-20210412-WA0013-150x150.jpg\" alt=\"\" width=\"150\" height=\"150\" \/><\/a>PREFEITO DE PENEDO &#8211; RONALDO LOPES<\/strong><\/p>\n<audio class=\"wp-audio-shortcode\" id=\"audio-15244-6\" preload=\"none\" style=\"width: 100%;\" controls=\"controls\"><source type=\"audio\/mpeg\" src=\"https:\/\/oparanews.com.br\/wp-content\/uploads\/2021\/04\/AUDIO-RONALDO-LOPES.mp3?_=6\" \/><a href=\"https:\/\/oparanews.com.br\/wp-content\/uploads\/2021\/04\/AUDIO-RONALDO-LOPES.mp3\">https:\/\/oparanews.com.br\/wp-content\/uploads\/2021\/04\/AUDIO-RONALDO-LOPES.mp3<\/a><\/audio>\n<p><strong>por Reda\u00e7\u00e3o<\/strong><\/p>\n<p>&nbsp;<\/p>\n","protected":false},"excerpt":{"rendered":"<p>Nesta sexta-feira, 30, foi realizado um encontro na Casa de Aposentadoria de Penedo com representantes do EMATER\/AL e da Secretaria Estadual de Agricultura de Alagoas. Ap\u00f3s a reuni\u00e3o, foi oficializada a entrega de ve\u00edculos para os profissionais que prestam assist\u00eancia t\u00e9cnica por meio da Emater Alagoas para agricultores do Baixo S\u00e3o Francisco, Agreste e Litoral &hellip;<\/p>\n","protected":false},"author":1,"featured_media":15246,"comment_status":"closed","ping_status":"closed","sticky":false,"template":"","format":"standard","meta":{"_jetpack_newsletter_access":"","_jetpack_dont_email_post_to_subs":false,"_jetpack_newsletter_tier_id":0,"_jetpack_memberships_contains_paywalled_content":false,"_jetpack_memberships_contains_paid_content":false,"footnotes":""},"categories":[1],"tags":[],"class_list":["post-15244","post","type-post","status-publish","format-standard","has-post-thumbnail","hentry","category-destaque"],"jetpack_sharing_enabled":true,"jetpack_featured_media_url":"","_links":{"self":[{"href":"https:\/\/www.oparanews.com.br\/index.php\/wp-json\/wp\/v2\/posts\/15244","targetHints":{"allow":["GET"]}}],"collection":[{"href":"https:\/\/www.oparanews.com.br\/index.php\/wp-json\/wp\/v2\/posts"}],"about":[{"href":"https:\/\/www.oparanews.com.br\/index.php\/wp-json\/wp\/v2\/types\/post"}],"author":[{"embeddable":true,"href":"https:\/\/www.oparanews.com.br\/index.php\/wp-json\/wp\/v2\/users\/1"}],"replies":[{"embeddable":true,"href":"https:\/\/www.oparanews.com.br\/index.php\/wp-json\/wp\/v2\/comments?post=15244"}],"version-history":[{"count":0,"href":"https:\/\/www.oparanews.com.br\/index.php\/wp-json\/wp\/v2\/posts\/15244\/revisions"}],"wp:attachment":[{"href":"https:\/\/www.oparanews.com.br\/index.php\/wp-json\/wp\/v2\/media?parent=15244"}],"wp:term":[{"taxonomy":"category","embeddable":true,"href":"https:\/\/www.oparanews.com.br\/index.php\/wp-json\/wp\/v2\/categories?post=15244"},{"taxonomy":"post_tag","embeddable":true,"href":"https:\/\/www.oparanews.com.br\/index.php\/wp-json\/wp\/v2\/tags?post=15244"}],"curies":[{"name":"wp","href":"https:\/\/api.w.org\/{rel}","templated":true}]}}