{"id":15252,"date":"2021-05-01T20:56:24","date_gmt":"2021-05-01T20:56:24","guid":{"rendered":"https:\/\/oparanews.com.br\/?p=15252"},"modified":"2021-05-01T20:56:24","modified_gmt":"2021-05-01T20:56:24","slug":"alagoas-confirma-mais-814-casos-e-20-mortes-por-covid","status":"publish","type":"post","link":"https:\/\/www.oparanews.com.br\/index.php\/2021\/05\/01\/alagoas-confirma-mais-814-casos-e-20-mortes-por-covid\/","title":{"rendered":"Alagoas confirma mais 814 casos e 20 mortes por Covid"},"content":{"rendered":"<p>Alagoas confirmou mais 814 casos e 20 mortes por Covid-19. Os dados s\u00e3o do boletim epidemiol\u00f3gico da Secretaria de Estado da Sa\u00fade (Sesau) deste s\u00e1bado (1\u00ba).<\/p>\n<p>Desde o come\u00e7o da pandemia, o estado registrou 174.476 casos confirmados da doen\u00e7a. O total de \u00f3bitos chegou a 4.240.<\/p>\n<p>Entre as pessoas com diagn\u00f3stico de Covid, 165.705 se recuperaram. Outros 3.791 pacientes ainda est\u00e3o em tratamento, em isolamento domiciliar.<\/p>\n<p>O n\u00famero acumulado de casos suspeitos chegou a 9.995.<\/p>\n<p><strong>Mais 20 mortes por Covid-19<\/strong><\/p>\n<p>Macei\u00f3: Homem, 35 anos \u2013 doen\u00e7a cardiovascular cr\u00f4nica<br \/>\nMacei\u00f3: Homem, 60 anos \u2013 hipertenso e diab\u00e9tico<br \/>\nMacei\u00f3: Mulher, 34 anos \u2013 sem comorbidades<br \/>\nMacei\u00f3: Mulher, 63 anos \u2013 hipertensa<br \/>\nMacei\u00f3: Mulher, 63 anos \u2013 hipertensa e ex-tabagista<br \/>\nMacei\u00f3: Mulher, 69 anos \u2013 doen\u00e7a cardiovascular<br \/>\nMacei\u00f3: Mulher, 85 anos \u2013 doen\u00e7a cardiovascular e hipertens\u00e3o<br \/>\nArapiraca: Homem, 52 anos \u2013 hipertenso<br \/>\nArapiraca: Mulher, 49 anos \u2013 sem comorbidades<br \/>\nArapiraca: Mulher, 75 anos \u2013 hipertensa e doen\u00e7a cardiovascular cr\u00f4nica<br \/>\nMajor Isidoro: Homem, 74 anos \u2013 sem comorbidades<br \/>\nMajor Isidoro: Mulher, 72 anos \u2013 tabagista<br \/>\nPorto de Pedras: Homem, 77 anos \u2013 doen\u00e7a respirat\u00f3ria cr\u00f4nica<br \/>\nPorto de Pedras: Mulher, 54 anos \u2013 obesa<br \/>\nCampo Alegre: Homem, 83 anos \u2013 sem comorbidades<br \/>\nCoruripe: Mulher, 66 anos \u2013 hipertens\u00e3o<br \/>\nMarechal Deodoro: Homem, 66 anos \u2013 hipertenso, diab\u00e9tico e sequelas de um Acidente Vascular Encef\u00e1lico (AVE)<br \/>\nPorto Calvo: Homem, 29 anos \u2013 obeso<br \/>\nSenador Rui Palmeira: Mulher, 62 anos \u2013 doen\u00e7a cardiovascular cr\u00f4nica e hipertens\u00e3o<br \/>\nVi\u00e7osa: Homem, 55 anos \u2013 hipertenso e diab\u00e9tico<\/p>\n<p>&nbsp;<\/p>\n<p><strong>Fonte: G1\/AL<\/strong><\/p>\n<p>&nbsp;<\/p>\n","protected":false},"excerpt":{"rendered":"<p>Alagoas confirmou mais 814 casos e 20 mortes por Covid-19. Os dados s\u00e3o do boletim epidemiol\u00f3gico da Secretaria de Estado da Sa\u00fade (Sesau) deste s\u00e1bado (1\u00ba). Desde o come\u00e7o da pandemia, o estado registrou 174.476 casos confirmados da doen\u00e7a. O total de \u00f3bitos chegou a 4.240. Entre as pessoas com diagn\u00f3stico de Covid, 165.705 se &hellip;<\/p>\n","protected":false},"author":1,"featured_media":6599,"comment_status":"closed","ping_status":"closed","sticky":false,"template":"","format":"standard","meta":{"_jetpack_newsletter_access":"","_jetpack_dont_email_post_to_subs":false,"_jetpack_newsletter_tier_id":0,"_jetpack_memberships_contains_paywalled_content":false,"_jetpack_memberships_contains_paid_content":false,"footnotes":""},"categories":[1],"tags":[],"class_list":["post-15252","post","type-post","status-publish","format-standard","has-post-thumbnail","hentry","category-destaque"],"jetpack_sharing_enabled":true,"jetpack_featured_media_url":"","_links":{"self":[{"href":"https:\/\/www.oparanews.com.br\/index.php\/wp-json\/wp\/v2\/posts\/15252","targetHints":{"allow":["GET"]}}],"collection":[{"href":"https:\/\/www.oparanews.com.br\/index.php\/wp-json\/wp\/v2\/posts"}],"about":[{"href":"https:\/\/www.oparanews.com.br\/index.php\/wp-json\/wp\/v2\/types\/post"}],"author":[{"embeddable":true,"href":"https:\/\/www.oparanews.com.br\/index.php\/wp-json\/wp\/v2\/users\/1"}],"replies":[{"embeddable":true,"href":"https:\/\/www.oparanews.com.br\/index.php\/wp-json\/wp\/v2\/comments?post=15252"}],"version-history":[{"count":0,"href":"https:\/\/www.oparanews.com.br\/index.php\/wp-json\/wp\/v2\/posts\/15252\/revisions"}],"wp:attachment":[{"href":"https:\/\/www.oparanews.com.br\/index.php\/wp-json\/wp\/v2\/media?parent=15252"}],"wp:term":[{"taxonomy":"category","embeddable":true,"href":"https:\/\/www.oparanews.com.br\/index.php\/wp-json\/wp\/v2\/categories?post=15252"},{"taxonomy":"post_tag","embeddable":true,"href":"https:\/\/www.oparanews.com.br\/index.php\/wp-json\/wp\/v2\/tags?post=15252"}],"curies":[{"name":"wp","href":"https:\/\/api.w.org\/{rel}","templated":true}]}}