{"id":15260,"date":"2021-05-02T20:20:08","date_gmt":"2021-05-02T20:20:08","guid":{"rendered":"https:\/\/oparanews.com.br\/?p=15260"},"modified":"2021-05-02T20:20:08","modified_gmt":"2021-05-02T20:20:08","slug":"alagoas-confirma-mais-693-casos-e-18-mortes-por-covid-19","status":"publish","type":"post","link":"https:\/\/www.oparanews.com.br\/index.php\/2021\/05\/02\/alagoas-confirma-mais-693-casos-e-18-mortes-por-covid-19\/","title":{"rendered":"Alagoas confirma mais 693 casos e 18 mortes por Covid-19"},"content":{"rendered":"<p>Alagoas confirmou mais 693 casos e 18 mortes por Covid-19. Os dados s\u00e3o do boletim epidemiol\u00f3gico da Secretaria de Estado da Sa\u00fade (Sesau) deste domingo (2).<\/p>\n<p>Desde o come\u00e7o da pandemia, o estado registrou 175.169 casos confirmados da doen\u00e7a. O total de \u00f3bitos chegou a 4.258.<\/p>\n<p>Entre as pessoas com diagn\u00f3stico de Covid, 166.575 se recuperaram. Outros 3.605 pacientes ainda est\u00e3o em tratamento, em isolamento domiciliar.<\/p>\n<p>O n\u00famero acumulado de casos suspeitos chegou a 10.441.<\/p>\n<p>O total de leitos de Covid ocupados \u00e9 de 49%. Os leitos ocupados de UTI em todo o estado \u00e9 de 75%.<\/p>\n<p><strong>Mais 18 mortes por Covid-19<\/strong><\/p>\n<p>Macei\u00f3: Homem, 57 anos- hipertenso e tinha c\u00e2ncer<br \/>\nMacei\u00f3: Homem, 59 anos- obeso<br \/>\nMacei\u00f3: Homem, 65 anos- hipertenso, diab\u00e9tico e tinha artrite gotosa<br \/>\nMacei\u00f3: Homem, 72 anos- diab\u00e9tico<br \/>\nMacei\u00f3: Mulher, 53 anos- era esquizofr\u00eanica<br \/>\nMacei\u00f3: Mulher, 56 anos- tinha febre reum\u00e1tica<br \/>\nMacei\u00f3: Mulher, 61 anos- tinha asma e depress\u00e3o<br \/>\nMarechal Deodoro: Homem, 37 anos-alco\u00f3latra e homeopata<br \/>\nVi\u00e7osa: Homem, 50 anos- obeso<br \/>\nPalmeira dos \u00cdndios- Homem, 62 anos- hipertenso, ex-tabagista<br \/>\nSantana do Ipanema- Homem, 71 anos- diab\u00e9tico, hipertenso<br \/>\nMajor Izidoro- Mulher, 40 anos- doen\u00e7a cardiovascular<br \/>\nJoaquim Gomes- Mulher, 49 anos- tinha c\u00e2ncer de mama<br \/>\nFlexeiras: Mulher, 64 anos- tinha retardo mental grave<br \/>\nJoaquim Gomes: Mulher, 65 anos- diab\u00e9tica, hipertensa<br \/>\nJunqueiro: Mulher, 73 anos- diab\u00e9tica, hipertensa e tinha Doen\u00e7a Pulmonar Obstrutiva Cr\u00f4nica<br \/>\nMarechal Deodoro: Mulher, 76 anos- tinha doen\u00e7a cardiovascular cr\u00f4nica e diabetes<br \/>\nPalmeira dos \u00cdndios: Mulher, 101 anos- sem comorbidades<\/p>\n<p>&nbsp;<\/p>\n<p><strong>Fonte: G1\/AL<\/strong><\/p>\n<p>&nbsp;<\/p>\n","protected":false},"excerpt":{"rendered":"<p>Alagoas confirmou mais 693 casos e 18 mortes por Covid-19. Os dados s\u00e3o do boletim epidemiol\u00f3gico da Secretaria de Estado da Sa\u00fade (Sesau) deste domingo (2). Desde o come\u00e7o da pandemia, o estado registrou 175.169 casos confirmados da doen\u00e7a. O total de \u00f3bitos chegou a 4.258. Entre as pessoas com diagn\u00f3stico de Covid, 166.575 se &hellip;<\/p>\n","protected":false},"author":1,"featured_media":6872,"comment_status":"closed","ping_status":"closed","sticky":false,"template":"","format":"standard","meta":{"_jetpack_newsletter_access":"","_jetpack_dont_email_post_to_subs":false,"_jetpack_newsletter_tier_id":0,"_jetpack_memberships_contains_paywalled_content":false,"_jetpack_memberships_contains_paid_content":false,"footnotes":""},"categories":[1],"tags":[],"class_list":["post-15260","post","type-post","status-publish","format-standard","has-post-thumbnail","hentry","category-destaque"],"jetpack_sharing_enabled":true,"jetpack_featured_media_url":"","_links":{"self":[{"href":"https:\/\/www.oparanews.com.br\/index.php\/wp-json\/wp\/v2\/posts\/15260","targetHints":{"allow":["GET"]}}],"collection":[{"href":"https:\/\/www.oparanews.com.br\/index.php\/wp-json\/wp\/v2\/posts"}],"about":[{"href":"https:\/\/www.oparanews.com.br\/index.php\/wp-json\/wp\/v2\/types\/post"}],"author":[{"embeddable":true,"href":"https:\/\/www.oparanews.com.br\/index.php\/wp-json\/wp\/v2\/users\/1"}],"replies":[{"embeddable":true,"href":"https:\/\/www.oparanews.com.br\/index.php\/wp-json\/wp\/v2\/comments?post=15260"}],"version-history":[{"count":0,"href":"https:\/\/www.oparanews.com.br\/index.php\/wp-json\/wp\/v2\/posts\/15260\/revisions"}],"wp:attachment":[{"href":"https:\/\/www.oparanews.com.br\/index.php\/wp-json\/wp\/v2\/media?parent=15260"}],"wp:term":[{"taxonomy":"category","embeddable":true,"href":"https:\/\/www.oparanews.com.br\/index.php\/wp-json\/wp\/v2\/categories?post=15260"},{"taxonomy":"post_tag","embeddable":true,"href":"https:\/\/www.oparanews.com.br\/index.php\/wp-json\/wp\/v2\/tags?post=15260"}],"curies":[{"name":"wp","href":"https:\/\/api.w.org\/{rel}","templated":true}]}}