{"id":15262,"date":"2021-05-02T20:22:58","date_gmt":"2021-05-02T20:22:58","guid":{"rendered":"https:\/\/oparanews.com.br\/?p=15262"},"modified":"2021-05-02T20:22:58","modified_gmt":"2021-05-02T20:22:58","slug":"ufal-suspende-bolsas-de-extensao","status":"publish","type":"post","link":"https:\/\/www.oparanews.com.br\/index.php\/2021\/05\/02\/ufal-suspende-bolsas-de-extensao\/","title":{"rendered":"Ufal suspende bolsas de extens\u00e3o"},"content":{"rendered":"<p>O governo federal anunciou um corte de R$ 42 milh\u00f5es no or\u00e7amento de custeio da Universidade Federal de Alagoas (Ufal) e, com isso, a universidade suspendeu v\u00e1rias bolsas de extens\u00e3o.<\/p>\n<p>O corte corresponde a 30% no or\u00e7amento na Lei Or\u00e7ament\u00e1ria Anual de 2021. Al\u00e9m dessa perda, o Minist\u00e9rio da Educa\u00e7\u00e3o (MEC) j\u00e1 havia determinado um bloqueio suplementar de 13,8% do or\u00e7amento de custeio das institui\u00e7\u00f5es federais de todo pa\u00eds, inclusive da Ufal.<\/p>\n<p>\u201cAinda estamos contabilizando as perdas da Ufal com o or\u00e7amento de 2021, uma vez que al\u00e9m do corte imediato ainda h\u00e1 a perspectiva de novos decretos de contingenciamento financeiro por parte do Minist\u00e9rio da Educa\u00e7\u00e3o. Perdemos demais em recursos. A situa\u00e7\u00e3o se agravou em muito, passamos quase 4 meses sem or\u00e7amento recebendo repasses a conta-gotas, e agora recebemos a not\u00edcia desta redu\u00e7\u00e3o dr\u00e1stica e acentuada. Estamos trabalhando para reduzir ainda mais os custos e poder voltar com as bolsas de extens\u00e3o o mais r\u00e1pido poss\u00edvel\u201d afirmou o reitor Josealdo Tonholo.<\/p>\n<p>Diferente das bolsas de assist\u00eancia estudantil, que possuem recursos federais pr\u00f3prios garantidos pelo Plano Nacional de Assist\u00eancia Estudantil (Pnaes), as bolsas de extens\u00e3o da Ufal s\u00e3o custeadas pela pr\u00f3pria universidade, com seus recursos de custeio.<\/p>\n<p>\u201cA determina\u00e7\u00e3o \u00e9 buscarmos novas fontes de financiamento e parcerias para lan\u00e7armos novos editais e reativarmos o fomento \u00e0 extens\u00e3o universit\u00e1ria mediante pagamento de bolsas o mais r\u00e1pido poss\u00edvel. Infelizmente, o corte no or\u00e7amento nos deixou em uma situa\u00e7\u00e3o muito dif\u00edcil. Mas em breve queremos relan\u00e7ar nossos editais extensionistas. Esta retomada \u00e9 uma determina\u00e7\u00e3o de todos os que fazem a gest\u00e3o da Ufal\u201d disse o pr\u00f3-reitor de Extens\u00e3o, professor Clayton Santos.<\/p>\n<p>Mesmo com as perdas, a Ufal garantiu que os bolsistas que est\u00e3o com os valores atrasados ter\u00e3o os pagamentos honrados e o cronograma de pagamento deve ser divulgado dia 28 de maio pela institui\u00e7\u00e3o.<\/p>\n<p>&nbsp;<\/p>\n<p><strong>Fonte: G1\/AL<\/strong><\/p>\n<p>&nbsp;<\/p>\n","protected":false},"excerpt":{"rendered":"<p>O governo federal anunciou um corte de R$ 42 milh\u00f5es no or\u00e7amento de custeio da Universidade Federal de Alagoas (Ufal) e, com isso, a universidade suspendeu v\u00e1rias bolsas de extens\u00e3o. O corte corresponde a 30% no or\u00e7amento na Lei Or\u00e7ament\u00e1ria Anual de 2021. Al\u00e9m dessa perda, o Minist\u00e9rio da Educa\u00e7\u00e3o (MEC) j\u00e1 havia determinado um &hellip;<\/p>\n","protected":false},"author":1,"featured_media":15263,"comment_status":"closed","ping_status":"closed","sticky":false,"template":"","format":"standard","meta":{"_jetpack_newsletter_access":"","_jetpack_dont_email_post_to_subs":false,"_jetpack_newsletter_tier_id":0,"_jetpack_memberships_contains_paywalled_content":false,"_jetpack_memberships_contains_paid_content":false,"footnotes":""},"categories":[1],"tags":[],"class_list":["post-15262","post","type-post","status-publish","format-standard","has-post-thumbnail","hentry","category-destaque"],"jetpack_sharing_enabled":true,"jetpack_featured_media_url":"","_links":{"self":[{"href":"https:\/\/www.oparanews.com.br\/index.php\/wp-json\/wp\/v2\/posts\/15262","targetHints":{"allow":["GET"]}}],"collection":[{"href":"https:\/\/www.oparanews.com.br\/index.php\/wp-json\/wp\/v2\/posts"}],"about":[{"href":"https:\/\/www.oparanews.com.br\/index.php\/wp-json\/wp\/v2\/types\/post"}],"author":[{"embeddable":true,"href":"https:\/\/www.oparanews.com.br\/index.php\/wp-json\/wp\/v2\/users\/1"}],"replies":[{"embeddable":true,"href":"https:\/\/www.oparanews.com.br\/index.php\/wp-json\/wp\/v2\/comments?post=15262"}],"version-history":[{"count":0,"href":"https:\/\/www.oparanews.com.br\/index.php\/wp-json\/wp\/v2\/posts\/15262\/revisions"}],"wp:attachment":[{"href":"https:\/\/www.oparanews.com.br\/index.php\/wp-json\/wp\/v2\/media?parent=15262"}],"wp:term":[{"taxonomy":"category","embeddable":true,"href":"https:\/\/www.oparanews.com.br\/index.php\/wp-json\/wp\/v2\/categories?post=15262"},{"taxonomy":"post_tag","embeddable":true,"href":"https:\/\/www.oparanews.com.br\/index.php\/wp-json\/wp\/v2\/tags?post=15262"}],"curies":[{"name":"wp","href":"https:\/\/api.w.org\/{rel}","templated":true}]}}