{"id":15268,"date":"2021-05-02T20:37:46","date_gmt":"2021-05-02T20:37:46","guid":{"rendered":"https:\/\/oparanews.com.br\/?p=15268"},"modified":"2021-05-02T20:37:46","modified_gmt":"2021-05-02T20:37:46","slug":"bruno-covas-se-afasta-da-prefeitura-de-sp","status":"publish","type":"post","link":"https:\/\/www.oparanews.com.br\/index.php\/2021\/05\/02\/bruno-covas-se-afasta-da-prefeitura-de-sp\/","title":{"rendered":"Bruno Covas se afasta da Prefeitura de SP"},"content":{"rendered":"<p>O prefeito de S\u00e3o Paulo, Bruno Covas (PSDB) , pediu licen\u00e7a de 30 dias do cargo para tratar de um c\u00e2ncer no sistema digestivo diagnosticado em 2019. A partir desta segunda-feira (03), quem assume a Prefeitura da capital \u00e9 o vice-prefeito, Ricardo Nunes (MDB).<\/p>\n<p>Covas apresentou piora em seu quadro nos \u00faltimos meses. Ap\u00f3s se recuperar parcialmente, a doen\u00e7a se espalhou para outras partes do corpo. A equipe m\u00e9dica do prefeito informou que foram encontradas met\u00e1stase no f\u00edgado do paciente.<\/p>\n<p>No \u00faltimo dia 16 de abril, Bruno Covas foi internado no Hospital S\u00edrio Liban\u00eas para tratamento de quimioterapia e imunoterapia . Segundo os m\u00e9dicos, as sess\u00f5es devem ser realizadas a cada 15 dias . Desde ent\u00e3o, ele despachava do hospital ou de sua casa.<\/p>\n<p>A Prefeitura ser\u00e1 assumida por Ricardo Nunes, vice-prefeito na segunda gest\u00e3o de Covas. Nunes \u00e9 um dos principais interlocutores entre o Executivo e o Legislativo municipal. Foi vereador at\u00e9 2020 e faz parte do grupo pol\u00edtico ligado ao presidente da C\u00e2mara de Vereadores , Milton Leita (DEM).<\/p>\n<p>&nbsp;<\/p>\n<p><strong>Fonte: IG<\/strong><\/p>\n<p>&nbsp;<\/p>\n","protected":false},"excerpt":{"rendered":"<p>O prefeito de S\u00e3o Paulo, Bruno Covas (PSDB) , pediu licen\u00e7a de 30 dias do cargo para tratar de um c\u00e2ncer no sistema digestivo diagnosticado em 2019. A partir desta segunda-feira (03), quem assume a Prefeitura da capital \u00e9 o vice-prefeito, Ricardo Nunes (MDB). Covas apresentou piora em seu quadro nos \u00faltimos meses. Ap\u00f3s se &hellip;<\/p>\n","protected":false},"author":1,"featured_media":15269,"comment_status":"closed","ping_status":"closed","sticky":false,"template":"","format":"standard","meta":{"_jetpack_newsletter_access":"","_jetpack_dont_email_post_to_subs":false,"_jetpack_newsletter_tier_id":0,"_jetpack_memberships_contains_paywalled_content":false,"_jetpack_memberships_contains_paid_content":false,"footnotes":""},"categories":[1],"tags":[],"class_list":["post-15268","post","type-post","status-publish","format-standard","has-post-thumbnail","hentry","category-destaque"],"jetpack_sharing_enabled":true,"jetpack_featured_media_url":"","_links":{"self":[{"href":"https:\/\/www.oparanews.com.br\/index.php\/wp-json\/wp\/v2\/posts\/15268","targetHints":{"allow":["GET"]}}],"collection":[{"href":"https:\/\/www.oparanews.com.br\/index.php\/wp-json\/wp\/v2\/posts"}],"about":[{"href":"https:\/\/www.oparanews.com.br\/index.php\/wp-json\/wp\/v2\/types\/post"}],"author":[{"embeddable":true,"href":"https:\/\/www.oparanews.com.br\/index.php\/wp-json\/wp\/v2\/users\/1"}],"replies":[{"embeddable":true,"href":"https:\/\/www.oparanews.com.br\/index.php\/wp-json\/wp\/v2\/comments?post=15268"}],"version-history":[{"count":0,"href":"https:\/\/www.oparanews.com.br\/index.php\/wp-json\/wp\/v2\/posts\/15268\/revisions"}],"wp:attachment":[{"href":"https:\/\/www.oparanews.com.br\/index.php\/wp-json\/wp\/v2\/media?parent=15268"}],"wp:term":[{"taxonomy":"category","embeddable":true,"href":"https:\/\/www.oparanews.com.br\/index.php\/wp-json\/wp\/v2\/categories?post=15268"},{"taxonomy":"post_tag","embeddable":true,"href":"https:\/\/www.oparanews.com.br\/index.php\/wp-json\/wp\/v2\/tags?post=15268"}],"curies":[{"name":"wp","href":"https:\/\/api.w.org\/{rel}","templated":true}]}}