{"id":15271,"date":"2021-05-02T20:42:43","date_gmt":"2021-05-02T20:42:43","guid":{"rendered":"https:\/\/oparanews.com.br\/?p=15271"},"modified":"2021-05-02T20:42:43","modified_gmt":"2021-05-02T20:42:43","slug":"gusttavo-lima-e-acusado-de-fazer-show-escondido","status":"publish","type":"post","link":"https:\/\/www.oparanews.com.br\/index.php\/2021\/05\/02\/gusttavo-lima-e-acusado-de-fazer-show-escondido\/","title":{"rendered":"Gusttavo Lima \u00e9 acusado de fazer show escondido"},"content":{"rendered":"<p>Gusttavo Lima, sem a menor sombra de d\u00favidas, \u00e9 um dos maiores cantores da atualidade. Nem mesmo a pandemia do Coronav\u00edrus foi capaz de tirar o posto do sertanejo. Al\u00e9m de est\u00e1 entre os mais ouvidos do Brasil, o famoso continua faturando altas cach\u00eas com as lives que vem provendo no YouTube.<\/p>\n<p>Para se ter uma pequena dimens\u00e3o, neste s\u00e1bado, 1 de maio, Gusttavo Lima vem comandando a live do Agroneg\u00f3cio no Mato Grosso. O sucesso \u00e9 tanto que a transmiss\u00e3o ultrapassou a marca de 800 mil pessoas simultaneamente assistindo. Contudo, o sertanejo se envolveu em uma gigantesca pol\u00eamica.<\/p>\n<p>De acordo com informa\u00e7\u00f5es divulgadas pelo Instagram Garotx Do Blog, a live de Gusttavo Lima tem capacidade para 500 pessoas assistirem presencialmente e as mesas foram vendidas a 20 mil reais. O perfil ressaltou que em Mato Grosso est\u00e3o sendo confirmadas mais de 1800 casos de Coronav\u00edrus por dia.<\/p>\n<p>No Twitter os internautas n\u00e3o perderam a oportunidade de descer a madeira em cima de Gusttavo Lima e relembrar a confus\u00e3o que rolou nesta \u00faltima semana entre Felipe Neto e os cantores sertanejos. Na ocasi\u00e3o, o youtuber detonou a hipocrisia dos artistas em se manterem calados diante da pandemia e mortes.<\/p>\n<p>\u201cAcho uma hipocrisia desse Gusttavo Lima criticar o @felipeneto por ter dito a verdade, o que esperar de um bolsominion n\u00e9?\u201d, \u201cHipocrisia demais e depois foi brigar com o Felipe Neto\u201d, \u201cTem moral nenhuma para falar de nada\u201d, \u201cDeveria ter ficado em casa\u201d, \u201cS\u00f3 se complica mais\u201d, disseram alguns internautas.<\/p>\n<p>&nbsp;<\/p>\n<p><strong>Fonte: TV Foco<\/strong><\/p>\n<p>&nbsp;<\/p>\n","protected":false},"excerpt":{"rendered":"<p>Gusttavo Lima, sem a menor sombra de d\u00favidas, \u00e9 um dos maiores cantores da atualidade. Nem mesmo a pandemia do Coronav\u00edrus foi capaz de tirar o posto do sertanejo. Al\u00e9m de est\u00e1 entre os mais ouvidos do Brasil, o famoso continua faturando altas cach\u00eas com as lives que vem provendo no YouTube. Para se ter &hellip;<\/p>\n","protected":false},"author":1,"featured_media":15272,"comment_status":"closed","ping_status":"closed","sticky":false,"template":"","format":"standard","meta":{"_jetpack_newsletter_access":"","_jetpack_dont_email_post_to_subs":false,"_jetpack_newsletter_tier_id":0,"_jetpack_memberships_contains_paywalled_content":false,"_jetpack_memberships_contains_paid_content":false,"footnotes":""},"categories":[1],"tags":[],"class_list":["post-15271","post","type-post","status-publish","format-standard","has-post-thumbnail","hentry","category-destaque"],"jetpack_sharing_enabled":true,"jetpack_featured_media_url":"","_links":{"self":[{"href":"https:\/\/www.oparanews.com.br\/index.php\/wp-json\/wp\/v2\/posts\/15271","targetHints":{"allow":["GET"]}}],"collection":[{"href":"https:\/\/www.oparanews.com.br\/index.php\/wp-json\/wp\/v2\/posts"}],"about":[{"href":"https:\/\/www.oparanews.com.br\/index.php\/wp-json\/wp\/v2\/types\/post"}],"author":[{"embeddable":true,"href":"https:\/\/www.oparanews.com.br\/index.php\/wp-json\/wp\/v2\/users\/1"}],"replies":[{"embeddable":true,"href":"https:\/\/www.oparanews.com.br\/index.php\/wp-json\/wp\/v2\/comments?post=15271"}],"version-history":[{"count":0,"href":"https:\/\/www.oparanews.com.br\/index.php\/wp-json\/wp\/v2\/posts\/15271\/revisions"}],"wp:attachment":[{"href":"https:\/\/www.oparanews.com.br\/index.php\/wp-json\/wp\/v2\/media?parent=15271"}],"wp:term":[{"taxonomy":"category","embeddable":true,"href":"https:\/\/www.oparanews.com.br\/index.php\/wp-json\/wp\/v2\/categories?post=15271"},{"taxonomy":"post_tag","embeddable":true,"href":"https:\/\/www.oparanews.com.br\/index.php\/wp-json\/wp\/v2\/tags?post=15271"}],"curies":[{"name":"wp","href":"https:\/\/api.w.org\/{rel}","templated":true}]}}