{"id":15292,"date":"2021-05-03T13:57:32","date_gmt":"2021-05-03T13:57:32","guid":{"rendered":"https:\/\/oparanews.com.br\/?p=15292"},"modified":"2021-05-03T13:57:32","modified_gmt":"2021-05-03T13:57:32","slug":"secretaria-de-educacao-realiza-reunioes-periodicas-sobre-a-eja-em-penedo","status":"publish","type":"post","link":"https:\/\/www.oparanews.com.br\/index.php\/2021\/05\/03\/secretaria-de-educacao-realiza-reunioes-periodicas-sobre-a-eja-em-penedo\/","title":{"rendered":"Secretaria de Educa\u00e7\u00e3o realiza reuni\u00f5es peri\u00f3dicas sobre a EJA em Penedo"},"content":{"rendered":"<p>Educa\u00e7\u00e3o de Jovens e Adultos sob novas perspectivas, esse \u00e9 o lema da jornada de trabalho da Secretaria Municipal de Educa\u00e7\u00e3o (SEMED), para a EJA em Penedo.<\/p>\n<p>Com esse foco, a SEMED realiza reuni\u00f5es peri\u00f3dicas para debater o andamento dos trabalhos na EJA e avaliar na pr\u00e1tica, como est\u00e3o sendo implementadas as mudan\u00e7as nessa modalidade de ensino adotadas pela gest\u00e3o Crescendo Com SEU Povo.<\/p>\n<p>De acordo com a Coordenadora da EJA, Cl\u00e9sia Moreira Vieira, atualmente h\u00e1 turmas formadas e j\u00e1 na ativa, nas zonas rural e urbana em cinco Escolas Municipais de Educa\u00e7\u00e3o B\u00e1sica: EMEB Manoel Soares, EMEB Prof.Helena de Carvalho, EMEB Manoel Tavares da Silva, EMEB Hanna Bertholet e EMEB prof. Maria da Gl\u00f3ria Pimenteira.<\/p>\n<p>As reuni\u00f5es realizadas contam com a presen\u00e7a de toda equipe, professores, diretores das escolas municipais e a coordena\u00e7\u00e3o da SEMED.<\/p>\n<p>\u201cFoi nosso primeiro encontro, ent\u00e3o esse momento foi para haver um entrosamento com todos, foi explanado a situa\u00e7\u00e3o da EJA como uma modalidade de ensino no sistema educacional, qual o perfil do aluno e professor dessa modalidade, que lei regulamenta a \u00e1rea e no final foi aberto o espa\u00e7o para que todos fizessem suas coloca\u00e7\u00f5es\u201d, destacou a Coordenador a da EJA.<\/p>\n<p><strong>Aulas on-line<\/strong><\/p>\n<p>Sobre a aulas remotas na EJA, Cl\u00e9sia Moreira explica que durante o ano letivo, os alunos ficam em contato direto com os professores, por meio das diversas plataformas dispon\u00edveis e tiram suas d\u00favidas sobre os assuntos ensinado nas aulas.<\/p>\n<p>\u201cOs resultados tem sido positivos. As aulas s\u00e3o realizadas on-line devido a pandemia de Covid- 19 e ocorrem nos turnos vespertino e noturno, nossos alunos t\u00eam muita experi\u00eancia de vida e isso ajuda muito\u201d, afirmou Cl\u00e9sia Moreira.<\/p>\n<p>De acordo com a SEMED Penedo, as matriculas para a modalidade continuam abertas em todas as unidades de ensino. \u00c9 necess\u00e1rio o n\u00famero m\u00ednimo de vinte alunos para que uma turma seja feita.<\/p>\n<p>Os alunos cuja escola n\u00e3o tiver turmas da EJA, ser\u00e3o encaminhados para a unidade de ensino mais pr\u00f3xima.<\/p>\n<p><strong>Kits de merenda escolar<\/strong><\/p>\n<p>Os alunos da EJA tamb\u00e9m receberam os kits de merenda escolar produzidos por agricultores familiares penedenses e adquiridos pela Prefeitura de Penedo por meio do PNAE- Programa Nacional de Alimenta\u00e7\u00e3o Escolar.<\/p>\n<p>Os kits compostos por diversos alimentos naturais, s\u00e3o avaliados por nutricionistas da SEMED. Os alunos recebem os alimentos na escola em que est\u00e3o matriculados de acordo com o cronograma definido pela Secretaria Municipal de Educa\u00e7\u00e3o.<\/p>\n<p>&nbsp;<\/p>\n<p><strong>Fonte: Decom &#8211; PMP<\/strong><\/p>\n<p>&nbsp;<\/p>\n","protected":false},"excerpt":{"rendered":"<p>Educa\u00e7\u00e3o de Jovens e Adultos sob novas perspectivas, esse \u00e9 o lema da jornada de trabalho da Secretaria Municipal de Educa\u00e7\u00e3o (SEMED), para a EJA em Penedo. Com esse foco, a SEMED realiza reuni\u00f5es peri\u00f3dicas para debater o andamento dos trabalhos na EJA e avaliar na pr\u00e1tica, como est\u00e3o sendo implementadas as mudan\u00e7as nessa modalidade &hellip;<\/p>\n","protected":false},"author":1,"featured_media":15293,"comment_status":"closed","ping_status":"closed","sticky":false,"template":"","format":"standard","meta":{"_jetpack_newsletter_access":"","_jetpack_dont_email_post_to_subs":false,"_jetpack_newsletter_tier_id":0,"_jetpack_memberships_contains_paywalled_content":false,"_jetpack_memberships_contains_paid_content":false,"footnotes":""},"categories":[1],"tags":[],"class_list":["post-15292","post","type-post","status-publish","format-standard","has-post-thumbnail","hentry","category-destaque"],"jetpack_sharing_enabled":true,"jetpack_featured_media_url":"","_links":{"self":[{"href":"https:\/\/www.oparanews.com.br\/index.php\/wp-json\/wp\/v2\/posts\/15292","targetHints":{"allow":["GET"]}}],"collection":[{"href":"https:\/\/www.oparanews.com.br\/index.php\/wp-json\/wp\/v2\/posts"}],"about":[{"href":"https:\/\/www.oparanews.com.br\/index.php\/wp-json\/wp\/v2\/types\/post"}],"author":[{"embeddable":true,"href":"https:\/\/www.oparanews.com.br\/index.php\/wp-json\/wp\/v2\/users\/1"}],"replies":[{"embeddable":true,"href":"https:\/\/www.oparanews.com.br\/index.php\/wp-json\/wp\/v2\/comments?post=15292"}],"version-history":[{"count":0,"href":"https:\/\/www.oparanews.com.br\/index.php\/wp-json\/wp\/v2\/posts\/15292\/revisions"}],"wp:attachment":[{"href":"https:\/\/www.oparanews.com.br\/index.php\/wp-json\/wp\/v2\/media?parent=15292"}],"wp:term":[{"taxonomy":"category","embeddable":true,"href":"https:\/\/www.oparanews.com.br\/index.php\/wp-json\/wp\/v2\/categories?post=15292"},{"taxonomy":"post_tag","embeddable":true,"href":"https:\/\/www.oparanews.com.br\/index.php\/wp-json\/wp\/v2\/tags?post=15292"}],"curies":[{"name":"wp","href":"https:\/\/api.w.org\/{rel}","templated":true}]}}