{"id":15295,"date":"2021-05-03T14:00:37","date_gmt":"2021-05-03T14:00:37","guid":{"rendered":"https:\/\/oparanews.com.br\/?p=15295"},"modified":"2021-05-03T14:00:37","modified_gmt":"2021-05-03T14:00:37","slug":"penedo-retoma-segunda-dose-da-coronavac-contra-covid-19-nesta-terca-feira-4","status":"publish","type":"post","link":"https:\/\/www.oparanews.com.br\/index.php\/2021\/05\/03\/penedo-retoma-segunda-dose-da-coronavac-contra-covid-19-nesta-terca-feira-4\/","title":{"rendered":"Penedo retoma segunda dose da Coronavac contra Covid-19 nesta ter\u00e7a-feira (4)"},"content":{"rendered":"<p>A Secretaria Municipal de Sa\u00fade retoma a vacina\u00e7\u00e3o contra Covid-19, para as pessoas que estavam aguardando a segunda dose da vacina Coronavac.<\/p>\n<p>Com isso, as pessoas que estavam agendadas para receberem segunda dose da vacina Coronavac, no \u00faltimo dia 21 de abril, devem se dirigir at\u00e9 a Central de Vacina\u00e7\u00e3o nesta ter\u00e7a-feira, 4 de maio, para receberem a segunda dose do imunizante.<\/p>\n<p>A vacina\u00e7\u00e3o para esse grupo espec\u00edfico foi suspensa em fun\u00e7\u00e3o de escassez de doses em ampolas da Coronavac, problema ocorrido em diversos munic\u00edpios de Alagoas e do Brasil.<\/p>\n<p>Para receber a segunda dose da Coronavac, basta apresentar o cart\u00e3o de vacina\u00e7\u00e3o na Central de Vacina\u00e7\u00e3o que funciona na Escola Estadual Ernani M\u00e9ro das 08h as 17 horas.<\/p>\n<p>N\u00e3o deixe de completar sua imuniza\u00e7\u00e3o contra o coronav\u00edrus.<\/p>\n<p>&nbsp;<\/p>\n<p><strong>Fonte: Decom &#8211; PMP<\/strong><\/p>\n<p>&nbsp;<\/p>\n","protected":false},"excerpt":{"rendered":"<p>A Secretaria Municipal de Sa\u00fade retoma a vacina\u00e7\u00e3o contra Covid-19, para as pessoas que estavam aguardando a segunda dose da vacina Coronavac. Com isso, as pessoas que estavam agendadas para receberem segunda dose da vacina Coronavac, no \u00faltimo dia 21 de abril, devem se dirigir at\u00e9 a Central de Vacina\u00e7\u00e3o nesta ter\u00e7a-feira, 4 de maio, &hellip;<\/p>\n","protected":false},"author":1,"featured_media":15296,"comment_status":"closed","ping_status":"closed","sticky":false,"template":"","format":"standard","meta":{"_jetpack_newsletter_access":"","_jetpack_dont_email_post_to_subs":false,"_jetpack_newsletter_tier_id":0,"_jetpack_memberships_contains_paywalled_content":false,"_jetpack_memberships_contains_paid_content":false,"footnotes":""},"categories":[1],"tags":[],"class_list":["post-15295","post","type-post","status-publish","format-standard","has-post-thumbnail","hentry","category-destaque"],"jetpack_sharing_enabled":true,"jetpack_featured_media_url":"","_links":{"self":[{"href":"https:\/\/www.oparanews.com.br\/index.php\/wp-json\/wp\/v2\/posts\/15295","targetHints":{"allow":["GET"]}}],"collection":[{"href":"https:\/\/www.oparanews.com.br\/index.php\/wp-json\/wp\/v2\/posts"}],"about":[{"href":"https:\/\/www.oparanews.com.br\/index.php\/wp-json\/wp\/v2\/types\/post"}],"author":[{"embeddable":true,"href":"https:\/\/www.oparanews.com.br\/index.php\/wp-json\/wp\/v2\/users\/1"}],"replies":[{"embeddable":true,"href":"https:\/\/www.oparanews.com.br\/index.php\/wp-json\/wp\/v2\/comments?post=15295"}],"version-history":[{"count":0,"href":"https:\/\/www.oparanews.com.br\/index.php\/wp-json\/wp\/v2\/posts\/15295\/revisions"}],"wp:attachment":[{"href":"https:\/\/www.oparanews.com.br\/index.php\/wp-json\/wp\/v2\/media?parent=15295"}],"wp:term":[{"taxonomy":"category","embeddable":true,"href":"https:\/\/www.oparanews.com.br\/index.php\/wp-json\/wp\/v2\/categories?post=15295"},{"taxonomy":"post_tag","embeddable":true,"href":"https:\/\/www.oparanews.com.br\/index.php\/wp-json\/wp\/v2\/tags?post=15295"}],"curies":[{"name":"wp","href":"https:\/\/api.w.org\/{rel}","templated":true}]}}