{"id":15328,"date":"2021-05-03T23:49:35","date_gmt":"2021-05-03T23:49:35","guid":{"rendered":"https:\/\/oparanews.com.br\/?p=15328"},"modified":"2021-05-03T23:49:35","modified_gmt":"2021-05-03T23:49:35","slug":"registros-de-novos-casos-e-mortes-por-covid-caem-em-alagoas","status":"publish","type":"post","link":"https:\/\/www.oparanews.com.br\/index.php\/2021\/05\/03\/registros-de-novos-casos-e-mortes-por-covid-caem-em-alagoas\/","title":{"rendered":"Registros de novos casos e mortes por Covid caem em Alagoas"},"content":{"rendered":"<p>O \u00faltimo levantamento feito pelo Observat\u00f3rio Alagoano de Pol\u00edticas P\u00fablicas para Enfrentamento da Covid-19, divulgado nesta segunda-feira (3), aponta redu\u00e7\u00e3o do cont\u00e1gio pelo coronav\u00edrus em Alagoas. Mesmo com a queda de casos e mortes, os n\u00fameros ainda seguem em n\u00edveis altos, especialmente na ocupa\u00e7\u00e3o de leitos de UTI.<\/p>\n<p>Segundo a an\u00e1lise, na 17\u00aa semana epidemiol\u00f3gica, de 25 de abril a 1\u00ba de maio, foram confirmados 4.338 casos e 144 mortes pelo v\u00edrus no estado, marcando redu\u00e7\u00f5es de 7% e 5%, respectivamente, quando comparados aos n\u00fameros da semana anterior.<\/p>\n<p>Em rela\u00e7\u00e3o \u00e0s mortes, as maiores incid\u00eancias registradas foram em Arapiraca (6,9), Macei\u00f3 (6,4) e na 10\u00aa Regi\u00e3o Sanit\u00e1ria (5,6), que registraram 6,9, 6,4 e 5,6 \u00f3bitos para cada 100 mil habitantes.<\/p>\n<p>A situa\u00e7\u00e3o da ocupa\u00e7\u00e3o de leitos de UTI melhorou, mas ainda preocupa. A ocupa\u00e7\u00e3o que se encontrava em 82%, ao fim da 16\u00aa Semana Epidemiol\u00f3gica, encerrou a \u00faltima semana em 75%, ainda acima do recomendando, que \u00e9 de 70%.<\/p>\n<p>No \u00faltimo boletim epidemiol\u00f3gico da Secretaria de Estado da Sa\u00fade (Sesau), divulgado no domingo (2), Alagoas confirmou mais 693 casos e 18 mortes por Covid-19. Desde o come\u00e7o da pandemia, o estado registrou 175.169 casos confirmados da doen\u00e7a. O total de \u00f3bitos chegou a 4.258.<\/p>\n<p><strong>Vacina\u00e7\u00e3o<\/strong><\/p>\n<p>Com a suspens\u00e3o da vacina, Alagoas registrou o menor n\u00famero de doses aplicadas nas \u00faltimas quatro semanas. Segundo o levantamento, foram 31.791 vacinas aplicadas na 17\u00aa Semana Epidemiol\u00f3gica, contra 66.894 doses na semana anterior, uma queda de 52%.<\/p>\n<p>&nbsp;<\/p>\n<p><strong>Fonte: G1\/AL<\/strong><\/p>\n<p>&nbsp;<\/p>\n","protected":false},"excerpt":{"rendered":"<p>O \u00faltimo levantamento feito pelo Observat\u00f3rio Alagoano de Pol\u00edticas P\u00fablicas para Enfrentamento da Covid-19, divulgado nesta segunda-feira (3), aponta redu\u00e7\u00e3o do cont\u00e1gio pelo coronav\u00edrus em Alagoas. Mesmo com a queda de casos e mortes, os n\u00fameros ainda seguem em n\u00edveis altos, especialmente na ocupa\u00e7\u00e3o de leitos de UTI. Segundo a an\u00e1lise, na 17\u00aa semana epidemiol\u00f3gica, &hellip;<\/p>\n","protected":false},"author":1,"featured_media":15329,"comment_status":"closed","ping_status":"closed","sticky":false,"template":"","format":"standard","meta":{"_jetpack_newsletter_access":"","_jetpack_dont_email_post_to_subs":false,"_jetpack_newsletter_tier_id":0,"_jetpack_memberships_contains_paywalled_content":false,"_jetpack_memberships_contains_paid_content":false,"footnotes":""},"categories":[1],"tags":[],"class_list":["post-15328","post","type-post","status-publish","format-standard","has-post-thumbnail","hentry","category-destaque"],"jetpack_sharing_enabled":true,"jetpack_featured_media_url":"","_links":{"self":[{"href":"https:\/\/www.oparanews.com.br\/index.php\/wp-json\/wp\/v2\/posts\/15328","targetHints":{"allow":["GET"]}}],"collection":[{"href":"https:\/\/www.oparanews.com.br\/index.php\/wp-json\/wp\/v2\/posts"}],"about":[{"href":"https:\/\/www.oparanews.com.br\/index.php\/wp-json\/wp\/v2\/types\/post"}],"author":[{"embeddable":true,"href":"https:\/\/www.oparanews.com.br\/index.php\/wp-json\/wp\/v2\/users\/1"}],"replies":[{"embeddable":true,"href":"https:\/\/www.oparanews.com.br\/index.php\/wp-json\/wp\/v2\/comments?post=15328"}],"version-history":[{"count":0,"href":"https:\/\/www.oparanews.com.br\/index.php\/wp-json\/wp\/v2\/posts\/15328\/revisions"}],"wp:attachment":[{"href":"https:\/\/www.oparanews.com.br\/index.php\/wp-json\/wp\/v2\/media?parent=15328"}],"wp:term":[{"taxonomy":"category","embeddable":true,"href":"https:\/\/www.oparanews.com.br\/index.php\/wp-json\/wp\/v2\/categories?post=15328"},{"taxonomy":"post_tag","embeddable":true,"href":"https:\/\/www.oparanews.com.br\/index.php\/wp-json\/wp\/v2\/tags?post=15328"}],"curies":[{"name":"wp","href":"https:\/\/api.w.org\/{rel}","templated":true}]}}