{"id":15331,"date":"2021-05-03T23:54:33","date_gmt":"2021-05-03T23:54:33","guid":{"rendered":"https:\/\/oparanews.com.br\/?p=15331"},"modified":"2021-05-03T23:54:33","modified_gmt":"2021-05-03T23:54:33","slug":"governador-anuncia-vacinacao-de-profissionais-da-educacao-basica-contra-a-covid-19","status":"publish","type":"post","link":"https:\/\/www.oparanews.com.br\/index.php\/2021\/05\/03\/governador-anuncia-vacinacao-de-profissionais-da-educacao-basica-contra-a-covid-19\/","title":{"rendered":"Governador anuncia vacina\u00e7\u00e3o de profissionais da educa\u00e7\u00e3o b\u00e1sica contra a Covid-19"},"content":{"rendered":"<p>Com a chegada de 99.750 doses da vacina AstraZeneca enviadas a Alagoas pelo Minist\u00e9rio da Sa\u00fade, na manh\u00e3 desta segunda-feira (3), o governador Renan Filho anunciou a expans\u00e3o da vacina\u00e7\u00e3o contra a Covid-19 para mais grupos priorit\u00e1rios, incluindo os profissionais da educa\u00e7\u00e3o b\u00e1sica a partir de 55 anos de idade. Com essa remessa, o Estado tamb\u00e9m concluir\u00e1 a imuniza\u00e7\u00e3o de todos os trabalhadores da sa\u00fade maiores de 18 anos, ampliar\u00e1 a idade das pessoas com comorbidade para a partir dos 45 anos, vacinar\u00e1 pessoas com defici\u00eancia acima de 55 anos, e imunizar\u00e1 todos as pessoas em situa\u00e7\u00e3o de rua, presos e servidores do Sistema Prisional acima de 18 anos.<\/p>\n<p>O in\u00edcio da imuniza\u00e7\u00e3o na \u00e1rea da educa\u00e7\u00e3o pelos profissionais da educa\u00e7\u00e3o b\u00e1sica segue o preconizado pelo Plano Nacional de Vacina\u00e7\u00e3o. Desse grupo, ser\u00e3o vacinados todos os profissionais de 55 a 59 anos: professores, funcion\u00e1rios das escolas e servidores de setores administrativos. Segundo o governador, esse \u00e9 um passo importante para a retomada das aulas presenciais com seguran\u00e7a.<\/p>\n<p>\u201cAqueles que t\u00eam mais de 60 anos j\u00e1 foram vacinados por idade e [agora ser\u00e3o] os de 55 a 59. Com a chegada de mais vacinas, n\u00f3s vamos continuar vacinando os profissionais da educa\u00e7\u00e3o\u201d, afirmou. \u201cSer\u00e1 um grande avan\u00e7o para iniciarmos a imuniza\u00e7\u00e3o desse p\u00fablico, que vai permitir que logo mais n\u00f3s retomemos as aulas presenciais com toda a seguran\u00e7a com os profissionais da educa\u00e7\u00e3o vacinados. Eu estou muito feliz com isso\u201d.<\/p>\n<p>Renan Filho fez um apelo aos prefeitos dos munic\u00edpios alagoanos para que iniciem com agilidade a vacina\u00e7\u00e3o desses novos grupos. \u201cQueria dizer aos prefeitos em Alagoas que enveredem os esfor\u00e7os, iniciem os seus trabalhos e garantam as condi\u00e7\u00f5es para que a vacina\u00e7\u00e3o ocorra com agilidade, para que a gente siga avan\u00e7ando\u201d, disse.<\/p>\n<p>Veja os novos grupos:<\/p>\n<ul>\n<li>Pessoas com comorbidades de 45 a 55 anos de idade;<\/li>\n<li>Pessoas com defici\u00eancia de 55 a 59 anos;<\/li>\n<li>Profissionais da educa\u00e7\u00e3o b\u00e1sica de 55 a 59 anos \u2013 o que inclui professores e tamb\u00e9m funcion\u00e1rios administrativos;<\/li>\n<li>Todo os trabalhadores da sa\u00fade maiores de 18 anos;<\/li>\n<li>Pessoas em situa\u00e7\u00e3o de rua a partir de 18 anos;<\/li>\n<li>Reeducandos e servidores do Sistema Prisional acima de 18 anos.<\/li>\n<\/ul>\n<p>O Estado tamb\u00e9m recebeu mais 9.100 doses da vacina CoronaVac, que ser\u00e3o utilizadas para dar sequ\u00eancia \u00e0 aplica\u00e7\u00e3o das segundas doses. Segundo o governador, a expectativa \u00e9 colocar em dia a aplica\u00e7\u00e3o da segunda dose at\u00e9 a quinta-feira desta semana, com a chegada de novas remessas do Minist\u00e9rio da Sa\u00fade.<\/p>\n<p>At\u00e9 agora, Alagoas j\u00e1 vacinou 659.792 pessoas, sendo 453.745 que receberam a primeira dose dos imunobiol\u00f3gicos, e outras 206.047 pessoas que receberam a segunda dose. O governador parabenizou os profissionais de sa\u00fade da linha de frente e agradeceu a parceria com todos os munic\u00edpios, o que garante um dos melhores desempenhos do pa\u00eds na vacina\u00e7\u00e3o. \u201cAlagoas \u00e9 o segundo estado do Brasil que mais aplica as vacinas que recebe. \u00c9 a demonstra\u00e7\u00e3o clara que o Estado est\u00e1 trabalhando duro para vacinar a todos. Vamos vencer essa pandemia juntos\u201d, finalizou Renan Filho.<\/p>\n<p>Retirada pelos munic\u00edpios \u2013 A remessa recebida hoje j\u00e1 est\u00e1 na sede do Programa Nacional de Imuniza\u00e7\u00e3o em Alagoas (PNI\/AL), onde as doses foram cadastradas e acondicionadas para serem encaminhadas aos Centros Estaduais de Distribui\u00e7\u00e3o e Armazenamento de Imunobiol\u00f3gicos, localizados em Macei\u00f3 e Arapiraca, onde ficar\u00e3o \u00e0 disposi\u00e7\u00e3o das Secretarias Municipais de Sa\u00fade (SMSs).<\/p>\n<p>\u201c\u00c9 muito importante ressaltar que a Sesau continua em amplo di\u00e1logo com os munic\u00edpios alagoanos para que os imunizantes sejam retirados, por meio de agendamento, bem como, a distribui\u00e7\u00e3o das vacinas para as cidades continuarem com o cronograma de vacina\u00e7\u00e3o\u201d, refor\u00e7ou o secret\u00e1rio de Estado da Sa\u00fade, Alexandre Ayres.<\/p>\n<p>Os representantes das SMSs devem fazer uma requisi\u00e7\u00e3o no Sistema de Informa\u00e7\u00f5es de Insumos Estrat\u00e9gicos (SIES) para retirarem as doses e os insumos, al\u00e9m de agendar com o Centro de Distribui\u00e7\u00e3o de Macei\u00f3 pelo e-mail: redefrioalagoas@gmail.com, ou com o Centro de Arapiraca pelo e-mail: creadiarapiraca@gmail.com.<\/p>\n<p>&nbsp;<\/p>\n<p><strong>Fonte: Ag\u00eancia Alagoas<\/strong><\/p>\n<p>&nbsp;<\/p>\n","protected":false},"excerpt":{"rendered":"<p>Com a chegada de 99.750 doses da vacina AstraZeneca enviadas a Alagoas pelo Minist\u00e9rio da Sa\u00fade, na manh\u00e3 desta segunda-feira (3), o governador Renan Filho anunciou a expans\u00e3o da vacina\u00e7\u00e3o contra a Covid-19 para mais grupos priorit\u00e1rios, incluindo os profissionais da educa\u00e7\u00e3o b\u00e1sica a partir de 55 anos de idade. Com essa remessa, o Estado &hellip;<\/p>\n","protected":false},"author":1,"featured_media":15332,"comment_status":"closed","ping_status":"closed","sticky":false,"template":"","format":"standard","meta":{"_jetpack_newsletter_access":"","_jetpack_dont_email_post_to_subs":false,"_jetpack_newsletter_tier_id":0,"_jetpack_memberships_contains_paywalled_content":false,"_jetpack_memberships_contains_paid_content":false,"footnotes":""},"categories":[1],"tags":[],"class_list":["post-15331","post","type-post","status-publish","format-standard","has-post-thumbnail","hentry","category-destaque"],"jetpack_sharing_enabled":true,"jetpack_featured_media_url":"","_links":{"self":[{"href":"https:\/\/www.oparanews.com.br\/index.php\/wp-json\/wp\/v2\/posts\/15331","targetHints":{"allow":["GET"]}}],"collection":[{"href":"https:\/\/www.oparanews.com.br\/index.php\/wp-json\/wp\/v2\/posts"}],"about":[{"href":"https:\/\/www.oparanews.com.br\/index.php\/wp-json\/wp\/v2\/types\/post"}],"author":[{"embeddable":true,"href":"https:\/\/www.oparanews.com.br\/index.php\/wp-json\/wp\/v2\/users\/1"}],"replies":[{"embeddable":true,"href":"https:\/\/www.oparanews.com.br\/index.php\/wp-json\/wp\/v2\/comments?post=15331"}],"version-history":[{"count":0,"href":"https:\/\/www.oparanews.com.br\/index.php\/wp-json\/wp\/v2\/posts\/15331\/revisions"}],"wp:attachment":[{"href":"https:\/\/www.oparanews.com.br\/index.php\/wp-json\/wp\/v2\/media?parent=15331"}],"wp:term":[{"taxonomy":"category","embeddable":true,"href":"https:\/\/www.oparanews.com.br\/index.php\/wp-json\/wp\/v2\/categories?post=15331"},{"taxonomy":"post_tag","embeddable":true,"href":"https:\/\/www.oparanews.com.br\/index.php\/wp-json\/wp\/v2\/tags?post=15331"}],"curies":[{"name":"wp","href":"https:\/\/api.w.org\/{rel}","templated":true}]}}