{"id":15352,"date":"2021-05-05T11:42:21","date_gmt":"2021-05-05T11:42:21","guid":{"rendered":"https:\/\/oparanews.com.br\/?p=15352"},"modified":"2021-05-05T11:42:21","modified_gmt":"2021-05-05T11:42:21","slug":"penedo-tem-336-casos-ativos-do-novo-coronavirus","status":"publish","type":"post","link":"https:\/\/www.oparanews.com.br\/index.php\/2021\/05\/05\/penedo-tem-336-casos-ativos-do-novo-coronavirus\/","title":{"rendered":"Penedo tem 336 casos ativos do novo Coronav\u00edrus"},"content":{"rendered":"<p>A Secretaria Municipal de Sa\u00fade (SEMS) divulgou nesta ter\u00e7a-feira (4), o Boletim Epidemiol\u00f3gico atualizado diariamente sobre a pandemia de Covid-19 no munic\u00edpio.<\/p>\n<p>De acordo com os dados oficiais mais recentes, foram confirmados 3351 casos da doen\u00e7a oriunda do novo coronav\u00edrus.<\/p>\n<p>Do total de casos confirmados, 2.983 pessoas se recuperaram, ap\u00f3s passarem pelos cuidados m\u00e9dicos.<\/p>\n<p>Os n\u00fameros atualizados tamb\u00e9m indicam que 3465 casos foram descartados ap\u00f3s constatado n\u00e3o serem Covid-19. Al\u00e9m de 32 \u00f3bitos provocados pela pandemia no munic\u00edpio.<\/p>\n<p>O Boletim Epidemiol\u00f3gico desta ter\u00e7a-feira (4) tamb\u00e9m mostra o n\u00famero de v\u00edtimas fatais por Covid-19 de acordo com a localidade.<\/p>\n<p>Na frente da contabiliza\u00e7\u00e3o est\u00e1 o Bairro Dom Constantino com 9 mortes casos, situa\u00e7\u00e3o que se mant\u00e9m desde o in\u00edcio da pandemia. Logo em seguida est\u00e1 o Bairro Santa Luzia com 7 e o Centro da cidade com 4.<\/p>\n<p><strong>Unidades de S\u00edndromes Gripais<\/strong><\/p>\n<p>A Prefeitura de Penedo informa que a Unidade de S\u00edndromes Gripais localizada na Avenida Wanderlei, nas proximidades do trevo da \u201cToca do \u00cdndio\u201d, est\u00e1 funcionando de Segunda a S\u00e1bado das 7h \u00e0s 17h.<\/p>\n<p>A popula\u00e7\u00e3o deve procurar o centro especializado ao notar os primeiros sintomas de Covid-19.<\/p>\n<p>Tamb\u00e9m alerta a popula\u00e7\u00e3o penedense para a import\u00e2ncia da manuten\u00e7\u00e3o do distanciamento social como medida preventiva, o uso de m\u00e1scaras e a ado\u00e7\u00e3o de medidas de higiene, a exemplo de lavar corretamente as m\u00e3os e utilizar \u00e1lcool 70%.<\/p>\n<p><strong>Vacin\u00f4metro<\/strong><\/p>\n<p>Na Central de Vacina\u00e7\u00e3o de Penedo localizada na Escola Estadual Ernani Mero, 9520 pessoas j\u00e1 foram vacinadas desde o in\u00edcio da campanha de vacina\u00e7\u00e3o no m\u00eas de janeiro.<\/p>\n<p>&nbsp;<\/p>\n<p><strong>Fonte: Decom PMP<\/strong><\/p>\n<p>&nbsp;<\/p>\n","protected":false},"excerpt":{"rendered":"<p>A Secretaria Municipal de Sa\u00fade (SEMS) divulgou nesta ter\u00e7a-feira (4), o Boletim Epidemiol\u00f3gico atualizado diariamente sobre a pandemia de Covid-19 no munic\u00edpio. De acordo com os dados oficiais mais recentes, foram confirmados 3351 casos da doen\u00e7a oriunda do novo coronav\u00edrus. Do total de casos confirmados, 2.983 pessoas se recuperaram, ap\u00f3s passarem pelos cuidados m\u00e9dicos. Os &hellip;<\/p>\n","protected":false},"author":1,"featured_media":15353,"comment_status":"closed","ping_status":"closed","sticky":false,"template":"","format":"standard","meta":{"_jetpack_newsletter_access":"","_jetpack_dont_email_post_to_subs":false,"_jetpack_newsletter_tier_id":0,"_jetpack_memberships_contains_paywalled_content":false,"_jetpack_memberships_contains_paid_content":false,"footnotes":""},"categories":[1],"tags":[],"class_list":["post-15352","post","type-post","status-publish","format-standard","has-post-thumbnail","hentry","category-destaque"],"jetpack_sharing_enabled":true,"jetpack_featured_media_url":"","_links":{"self":[{"href":"https:\/\/www.oparanews.com.br\/index.php\/wp-json\/wp\/v2\/posts\/15352","targetHints":{"allow":["GET"]}}],"collection":[{"href":"https:\/\/www.oparanews.com.br\/index.php\/wp-json\/wp\/v2\/posts"}],"about":[{"href":"https:\/\/www.oparanews.com.br\/index.php\/wp-json\/wp\/v2\/types\/post"}],"author":[{"embeddable":true,"href":"https:\/\/www.oparanews.com.br\/index.php\/wp-json\/wp\/v2\/users\/1"}],"replies":[{"embeddable":true,"href":"https:\/\/www.oparanews.com.br\/index.php\/wp-json\/wp\/v2\/comments?post=15352"}],"version-history":[{"count":0,"href":"https:\/\/www.oparanews.com.br\/index.php\/wp-json\/wp\/v2\/posts\/15352\/revisions"}],"wp:attachment":[{"href":"https:\/\/www.oparanews.com.br\/index.php\/wp-json\/wp\/v2\/media?parent=15352"}],"wp:term":[{"taxonomy":"category","embeddable":true,"href":"https:\/\/www.oparanews.com.br\/index.php\/wp-json\/wp\/v2\/categories?post=15352"},{"taxonomy":"post_tag","embeddable":true,"href":"https:\/\/www.oparanews.com.br\/index.php\/wp-json\/wp\/v2\/tags?post=15352"}],"curies":[{"name":"wp","href":"https:\/\/api.w.org\/{rel}","templated":true}]}}