{"id":15361,"date":"2021-05-05T11:56:05","date_gmt":"2021-05-05T11:56:05","guid":{"rendered":"https:\/\/oparanews.com.br\/?p=15361"},"modified":"2021-05-05T11:56:05","modified_gmt":"2021-05-05T11:56:05","slug":"covid-19-vacinados-chegam-a-328-milhoes-no-brasil","status":"publish","type":"post","link":"https:\/\/www.oparanews.com.br\/index.php\/2021\/05\/05\/covid-19-vacinados-chegam-a-328-milhoes-no-brasil\/","title":{"rendered":"Covid-19: Vacinados chegam a 32,8 milh\u00f5es no Brasil"},"content":{"rendered":"<p>O Brasil vacinou at\u00e9 esta ter\u00e7a-feira, 4, 32.881.298 pessoas com ao menos a primeira dose da vacina contra a covid-19. Os n\u00fameros s\u00e3o obtidos diariamente pelo cons\u00f3rcio de ve\u00edculos de imprensa junto \u00e0s secretarias estaduais de Sa\u00fade. A quantidade de pessoas imunizadas representa at\u00e9 aqui 15,53% da popula\u00e7\u00e3o.<\/p>\n<p>Balan\u00e7o divulgado \u00e0s 20h pelo cons\u00f3rcio com dados obtidos junto a 26 Estados mostra que 564.791 pessoas receberam a primeira dose. Entre os 32,8 milh\u00f5es de vacinados, 16.723.761 receberam a segunda dose, o que representa 7,9% da popula\u00e7\u00e3o com a imuniza\u00e7\u00e3o completa; 444.724 pessoas receberam a segunda dose nesta ter\u00e7a-feira.<\/p>\n<p>No total, os Estados aplicaram 1.009.515 doses, entre aqueles que foram vacinados pela primeira vez e os que receberam o refor\u00e7o do imunizante. As autoridades de sa\u00fade destacam a import\u00e2ncia de os cidad\u00e3os retornarem ao posto na data marcada para completar a vacina\u00e7\u00e3o e assegurar a prote\u00e7\u00e3o contra a covid-19.<\/p>\n<p>No entanto, nas \u00faltimas semanas cidades de diferentes Estados relataram problemas no abastecimento de vacinas e tiveram de interromper a aplica\u00e7\u00e3o da segunda dose. O Estad\u00e3o mostrou nesta segunda-feira, 3, que o problema afetou ao menos nove capitais. O Minist\u00e9rio da Sa\u00fade tem destacado que novos envios est\u00e3o programados para suprir a demanda.<\/p>\n<p>Levando em considera\u00e7\u00e3o dados relativos \u00e0 primeira dose, o Rio Grande do Sul tem a vacina\u00e7\u00e3o mais avan\u00e7ada do Pa\u00eds at\u00e9 esta ter\u00e7a-feira. O Estado imunizou 20,34% da sua popula\u00e7\u00e3o contra o novo coronav\u00edrus. O que tem a menor porcentagem \u00e9 o Acre, com 10,62% da popula\u00e7\u00e3o vacinada. Em n\u00fameros absolutos, S\u00e3o Paulo lidera com 7,79 milh\u00f5es de pessoas vacinadas com a primeira dose.<\/p>\n<p>&nbsp;<\/p>\n<p><strong>Fonte: Terra<\/strong><\/p>\n<p>&nbsp;<\/p>\n","protected":false},"excerpt":{"rendered":"<p>O Brasil vacinou at\u00e9 esta ter\u00e7a-feira, 4, 32.881.298 pessoas com ao menos a primeira dose da vacina contra a covid-19. Os n\u00fameros s\u00e3o obtidos diariamente pelo cons\u00f3rcio de ve\u00edculos de imprensa junto \u00e0s secretarias estaduais de Sa\u00fade. A quantidade de pessoas imunizadas representa at\u00e9 aqui 15,53% da popula\u00e7\u00e3o. Balan\u00e7o divulgado \u00e0s 20h pelo cons\u00f3rcio com &hellip;<\/p>\n","protected":false},"author":1,"featured_media":15362,"comment_status":"closed","ping_status":"closed","sticky":false,"template":"","format":"standard","meta":{"_jetpack_newsletter_access":"","_jetpack_dont_email_post_to_subs":false,"_jetpack_newsletter_tier_id":0,"_jetpack_memberships_contains_paywalled_content":false,"_jetpack_memberships_contains_paid_content":false,"footnotes":""},"categories":[1],"tags":[],"class_list":["post-15361","post","type-post","status-publish","format-standard","has-post-thumbnail","hentry","category-destaque"],"jetpack_sharing_enabled":true,"jetpack_featured_media_url":"","_links":{"self":[{"href":"https:\/\/www.oparanews.com.br\/index.php\/wp-json\/wp\/v2\/posts\/15361","targetHints":{"allow":["GET"]}}],"collection":[{"href":"https:\/\/www.oparanews.com.br\/index.php\/wp-json\/wp\/v2\/posts"}],"about":[{"href":"https:\/\/www.oparanews.com.br\/index.php\/wp-json\/wp\/v2\/types\/post"}],"author":[{"embeddable":true,"href":"https:\/\/www.oparanews.com.br\/index.php\/wp-json\/wp\/v2\/users\/1"}],"replies":[{"embeddable":true,"href":"https:\/\/www.oparanews.com.br\/index.php\/wp-json\/wp\/v2\/comments?post=15361"}],"version-history":[{"count":0,"href":"https:\/\/www.oparanews.com.br\/index.php\/wp-json\/wp\/v2\/posts\/15361\/revisions"}],"wp:attachment":[{"href":"https:\/\/www.oparanews.com.br\/index.php\/wp-json\/wp\/v2\/media?parent=15361"}],"wp:term":[{"taxonomy":"category","embeddable":true,"href":"https:\/\/www.oparanews.com.br\/index.php\/wp-json\/wp\/v2\/categories?post=15361"},{"taxonomy":"post_tag","embeddable":true,"href":"https:\/\/www.oparanews.com.br\/index.php\/wp-json\/wp\/v2\/tags?post=15361"}],"curies":[{"name":"wp","href":"https:\/\/api.w.org\/{rel}","templated":true}]}}