{"id":15367,"date":"2021-05-05T12:14:36","date_gmt":"2021-05-05T12:14:36","guid":{"rendered":"https:\/\/oparanews.com.br\/?p=15367"},"modified":"2021-05-05T12:14:36","modified_gmt":"2021-05-05T12:14:36","slug":"india-registra-novo-recorde-de-mortes-por-covid","status":"publish","type":"post","link":"https:\/\/www.oparanews.com.br\/index.php\/2021\/05\/05\/india-registra-novo-recorde-de-mortes-por-covid\/","title":{"rendered":"\u00cdndia registra novo recorde de mortes por Covid"},"content":{"rendered":"<p>Pa\u00eds mais afetado pela pandemia atualmente, a \u00cdndia registrou nesta quarta-feira (5) mais um recorde di\u00e1rio de mortes por Covid-19 e chegou ao 14\u00ba dia seguido com mais de 300 mil novos casos.<\/p>\n<p>Foram 3.780 \u00f3bitos e 382 mil infectados nas \u00faltimas 24 horas, segundo dados do governo indiano.<\/p>\n<p>O pa\u00eds foi respons\u00e1vel por 47% de todos os casos e 27% de todas as mortes por Covid-19 do mundo nos \u00faltimos sete dias, segundo dados do &#8220;Our World in Data&#8221;.<\/p>\n<p>Na segunda-feira (3), a \u00cdndia ultrapassou M\u00e9xico e se tornou o terceiro pa\u00eds com mais mortes por Covid-19 do mundo. Na ter\u00e7a-feira (4), passou dos 20 milh\u00f5es de infectados.<\/p>\n<p>Mesmo registrando os maiores n\u00fameros da pandemia atualmente, h\u00e1 fortes ind\u00edcios de subnotifica\u00e7\u00e3o no pa\u00eds, que \u00e9 o segundo mais populoso do planeta e tem mais de 1,3 bilh\u00e3o de habitantes.<\/p>\n<p>A segunda onda de Covid-19 na \u00cdndia fez com que os hospitais ficassem sem leitos e oxig\u00eanio e deixasse necrot\u00e9rios e cremat\u00f3rios transbordando. Muitas pessoas morrem em casa ou em ambul\u00e2ncias, na porta dos hospitais, \u00e0 espera de uma cama ou oxig\u00eanio.<\/p>\n<p>Diversas cidades t\u00eam feito crema\u00e7\u00f5es em massa e durante a noite para atender ao volume de corpos, que \u00e9 muito maior do que os balan\u00e7os do governo. Parentes precisam pagar pelo oxig\u00eanio nos hospitais e at\u00e9 pela lenha nos cremat\u00f3rios.<\/p>\n<p>&nbsp;<\/p>\n<p><strong>Fonte: G1<\/strong><\/p>\n<p>&nbsp;<\/p>\n","protected":false},"excerpt":{"rendered":"<p>Pa\u00eds mais afetado pela pandemia atualmente, a \u00cdndia registrou nesta quarta-feira (5) mais um recorde di\u00e1rio de mortes por Covid-19 e chegou ao 14\u00ba dia seguido com mais de 300 mil novos casos. Foram 3.780 \u00f3bitos e 382 mil infectados nas \u00faltimas 24 horas, segundo dados do governo indiano. O pa\u00eds foi respons\u00e1vel por 47% &hellip;<\/p>\n","protected":false},"author":1,"featured_media":15368,"comment_status":"closed","ping_status":"closed","sticky":false,"template":"","format":"standard","meta":{"_jetpack_newsletter_access":"","_jetpack_dont_email_post_to_subs":false,"_jetpack_newsletter_tier_id":0,"_jetpack_memberships_contains_paywalled_content":false,"_jetpack_memberships_contains_paid_content":false,"footnotes":""},"categories":[1],"tags":[],"class_list":["post-15367","post","type-post","status-publish","format-standard","has-post-thumbnail","hentry","category-destaque"],"jetpack_sharing_enabled":true,"jetpack_featured_media_url":"","_links":{"self":[{"href":"https:\/\/www.oparanews.com.br\/index.php\/wp-json\/wp\/v2\/posts\/15367","targetHints":{"allow":["GET"]}}],"collection":[{"href":"https:\/\/www.oparanews.com.br\/index.php\/wp-json\/wp\/v2\/posts"}],"about":[{"href":"https:\/\/www.oparanews.com.br\/index.php\/wp-json\/wp\/v2\/types\/post"}],"author":[{"embeddable":true,"href":"https:\/\/www.oparanews.com.br\/index.php\/wp-json\/wp\/v2\/users\/1"}],"replies":[{"embeddable":true,"href":"https:\/\/www.oparanews.com.br\/index.php\/wp-json\/wp\/v2\/comments?post=15367"}],"version-history":[{"count":0,"href":"https:\/\/www.oparanews.com.br\/index.php\/wp-json\/wp\/v2\/posts\/15367\/revisions"}],"wp:attachment":[{"href":"https:\/\/www.oparanews.com.br\/index.php\/wp-json\/wp\/v2\/media?parent=15367"}],"wp:term":[{"taxonomy":"category","embeddable":true,"href":"https:\/\/www.oparanews.com.br\/index.php\/wp-json\/wp\/v2\/categories?post=15367"},{"taxonomy":"post_tag","embeddable":true,"href":"https:\/\/www.oparanews.com.br\/index.php\/wp-json\/wp\/v2\/tags?post=15367"}],"curies":[{"name":"wp","href":"https:\/\/api.w.org\/{rel}","templated":true}]}}