{"id":15370,"date":"2021-05-05T12:17:07","date_gmt":"2021-05-05T12:17:07","guid":{"rendered":"https:\/\/oparanews.com.br\/?p=15370"},"modified":"2021-05-05T12:17:07","modified_gmt":"2021-05-05T12:17:07","slug":"prefeitura-de-penedo-vacina-novas-faixas-etarias-contra-covid-19","status":"publish","type":"post","link":"https:\/\/www.oparanews.com.br\/index.php\/2021\/05\/05\/prefeitura-de-penedo-vacina-novas-faixas-etarias-contra-covid-19\/","title":{"rendered":"Prefeitura de Penedo vacina novas faixas et\u00e1rias contra Covid-19"},"content":{"rendered":"<p>Pessoas acometidas por comorbidades ou doen\u00e7a cr\u00f4nica com 40 anos de idade ou mais e jovens remanescentes quilombolas a partir dos 18 anos de idade s\u00e3o os mais novos grupos priorit\u00e1rios da campanha de vacina\u00e7\u00e3o contra Covid-19 em Penedo.<\/p>\n<p>A imuniza\u00e7\u00e3o organizada pela Secretaria Municipal de Sa\u00fade \u00e9 ofertada na Central de Vacina\u00e7\u00e3o que funciona na Escola Ernani M\u00e9ro, no hor\u00e1rio das 07 as 17 horas.<\/p>\n<p>A identifica\u00e7\u00e3o dos remanescentes quilombolas segue cadastro do NIS (N\u00famero de identifica\u00e7\u00e3o Social) que pode ser acessado clicando neste link.<\/p>\n<p>Considerando a aus\u00eancia de membros da comunidade tradicional, lideran\u00e7as quilombolas est\u00e3o sendo consultadas para atualiza\u00e7\u00e3o cadastral.<\/p>\n<p>Sobre comorbidades, o Minist\u00e9rio da Sa\u00fade considera as seguintes para a campanha de imuniza\u00e7\u00e3o contra o coronav\u00edrus: Diabetes Mellitus; Pneumopatias cr\u00f4nicas graves; Hipertens\u00e3o arterial; Doen\u00e7as cardiovasculares; Doen\u00e7as cerebrovasculares; Imunossuprimidos; Anemia falciforme; Obesidade m\u00f3rbida; Cirrose hep\u00e1tica.<\/p>\n<p>Para ter acesso a vacina contra Covid-19 precisa apresentar documento oficial com foto e o cart\u00e3o do SUS.<\/p>\n<p>&nbsp;<\/p>\n<p><strong>Fonte: Decom &#8211; PMP<\/strong><\/p>\n<p>&nbsp;<\/p>\n","protected":false},"excerpt":{"rendered":"<p>Pessoas acometidas por comorbidades ou doen\u00e7a cr\u00f4nica com 40 anos de idade ou mais e jovens remanescentes quilombolas a partir dos 18 anos de idade s\u00e3o os mais novos grupos priorit\u00e1rios da campanha de vacina\u00e7\u00e3o contra Covid-19 em Penedo. A imuniza\u00e7\u00e3o organizada pela Secretaria Municipal de Sa\u00fade \u00e9 ofertada na Central de Vacina\u00e7\u00e3o que funciona &hellip;<\/p>\n","protected":false},"author":1,"featured_media":15371,"comment_status":"closed","ping_status":"closed","sticky":false,"template":"","format":"standard","meta":{"_jetpack_newsletter_access":"","_jetpack_dont_email_post_to_subs":false,"_jetpack_newsletter_tier_id":0,"_jetpack_memberships_contains_paywalled_content":false,"_jetpack_memberships_contains_paid_content":false,"footnotes":""},"categories":[1],"tags":[],"class_list":["post-15370","post","type-post","status-publish","format-standard","has-post-thumbnail","hentry","category-destaque"],"jetpack_sharing_enabled":true,"jetpack_featured_media_url":"","_links":{"self":[{"href":"https:\/\/www.oparanews.com.br\/index.php\/wp-json\/wp\/v2\/posts\/15370","targetHints":{"allow":["GET"]}}],"collection":[{"href":"https:\/\/www.oparanews.com.br\/index.php\/wp-json\/wp\/v2\/posts"}],"about":[{"href":"https:\/\/www.oparanews.com.br\/index.php\/wp-json\/wp\/v2\/types\/post"}],"author":[{"embeddable":true,"href":"https:\/\/www.oparanews.com.br\/index.php\/wp-json\/wp\/v2\/users\/1"}],"replies":[{"embeddable":true,"href":"https:\/\/www.oparanews.com.br\/index.php\/wp-json\/wp\/v2\/comments?post=15370"}],"version-history":[{"count":0,"href":"https:\/\/www.oparanews.com.br\/index.php\/wp-json\/wp\/v2\/posts\/15370\/revisions"}],"wp:attachment":[{"href":"https:\/\/www.oparanews.com.br\/index.php\/wp-json\/wp\/v2\/media?parent=15370"}],"wp:term":[{"taxonomy":"category","embeddable":true,"href":"https:\/\/www.oparanews.com.br\/index.php\/wp-json\/wp\/v2\/categories?post=15370"},{"taxonomy":"post_tag","embeddable":true,"href":"https:\/\/www.oparanews.com.br\/index.php\/wp-json\/wp\/v2\/tags?post=15370"}],"curies":[{"name":"wp","href":"https:\/\/api.w.org\/{rel}","templated":true}]}}