{"id":15373,"date":"2021-05-05T23:34:46","date_gmt":"2021-05-05T23:34:46","guid":{"rendered":"https:\/\/oparanews.com.br\/?p=15373"},"modified":"2021-05-05T23:34:46","modified_gmt":"2021-05-05T23:34:46","slug":"fiscalizacao-prende-duas-pessoas-e-resgata-290-passaros-em-al","status":"publish","type":"post","link":"https:\/\/www.oparanews.com.br\/index.php\/2021\/05\/05\/fiscalizacao-prende-duas-pessoas-e-resgata-290-passaros-em-al\/","title":{"rendered":"Fiscaliza\u00e7\u00e3o prende duas pessoas e resgata 290 p\u00e1ssaros em AL"},"content":{"rendered":"<p>Uma fiscaliza\u00e7\u00e3o ambiental prendeu em flagrante duas pessoas por porte ilegal de arma e resgatou 290 p\u00e1ssaros silvestres que foram capturados ilegalmente na \u00c1rea de Prote\u00e7\u00e3o Ambiental (APA) de Murici, na Zona da Mata de Alagoas. As informa\u00e7\u00f5es foram divulgadas nesta quarta-feira (5) pelo Instituto do Meio Ambiente de Alagoas (IMA).<\/p>\n<p>A a\u00e7\u00e3o ocorreu entre os dias 23 e 29 de abril em Murici, Flexeiras, Col\u00f4nia Leopoldina, Ibateguara, S\u00e3o Jos\u00e9 da Laje, Uni\u00e3o dos Palmares e Branquinha. No total, a fiscaliza\u00e7\u00e3o aplicou R$ 141 mil em multas.<\/p>\n<p>As equipes da opera\u00e7\u00e3o tamb\u00e9m apreenderam os seguintes materiais:<\/p>\n<p>360 gaiolas e al\u00e7ap\u00f5es<br \/>\n6 armadilhas<br \/>\n7 carca\u00e7as (de pacas, jacar\u00e9, quati e cuandu mirim)<br \/>\n7 armas de fogo<\/p>\n<p>32 animais da caatinga tamb\u00e9m foram resgatados e encaminhados para o Centro de Triagem de Animais Silvestre (Cetas), onde v\u00e3o passar por cuidados das equipes para, logo em seguida, retornarem ao habitat natural. Ap\u00f3s apreens\u00e3o, as gaiolas e tatuzeiras foram destru\u00eddas pelas equipes.<\/p>\n<p>Esta \u00e9 a 13\u00aa edi\u00e7\u00e3o da opera\u00e7\u00e3o intitulada Curupira, que teve apoio do Batalh\u00e3o de Pol\u00edcia Militar Ambiental (BPA) e do IMA, sob coordena\u00e7\u00e3o do Instituto Chico Mendes de Conserva\u00e7\u00e3o da Biodiversidade (ICMBio).<\/p>\n<p>O IMA tamb\u00e9m informou que a popula\u00e7\u00e3o pode denunciar infra\u00e7\u00f5es e registrar ocorr\u00eancias com envio de fotos no aplicativo IMA Denuncie, dispon\u00edvel para Android e iOS.<\/p>\n<p>&nbsp;<\/p>\n<p><strong>Fonte: G1\/AL<\/strong><\/p>\n<p>&nbsp;<\/p>\n","protected":false},"excerpt":{"rendered":"<p>Uma fiscaliza\u00e7\u00e3o ambiental prendeu em flagrante duas pessoas por porte ilegal de arma e resgatou 290 p\u00e1ssaros silvestres que foram capturados ilegalmente na \u00c1rea de Prote\u00e7\u00e3o Ambiental (APA) de Murici, na Zona da Mata de Alagoas. As informa\u00e7\u00f5es foram divulgadas nesta quarta-feira (5) pelo Instituto do Meio Ambiente de Alagoas (IMA). A a\u00e7\u00e3o ocorreu entre &hellip;<\/p>\n","protected":false},"author":1,"featured_media":15374,"comment_status":"closed","ping_status":"closed","sticky":false,"template":"","format":"standard","meta":{"_jetpack_newsletter_access":"","_jetpack_dont_email_post_to_subs":false,"_jetpack_newsletter_tier_id":0,"_jetpack_memberships_contains_paywalled_content":false,"_jetpack_memberships_contains_paid_content":false,"footnotes":""},"categories":[1],"tags":[],"class_list":["post-15373","post","type-post","status-publish","format-standard","has-post-thumbnail","hentry","category-destaque"],"jetpack_sharing_enabled":true,"jetpack_featured_media_url":"","_links":{"self":[{"href":"https:\/\/www.oparanews.com.br\/index.php\/wp-json\/wp\/v2\/posts\/15373","targetHints":{"allow":["GET"]}}],"collection":[{"href":"https:\/\/www.oparanews.com.br\/index.php\/wp-json\/wp\/v2\/posts"}],"about":[{"href":"https:\/\/www.oparanews.com.br\/index.php\/wp-json\/wp\/v2\/types\/post"}],"author":[{"embeddable":true,"href":"https:\/\/www.oparanews.com.br\/index.php\/wp-json\/wp\/v2\/users\/1"}],"replies":[{"embeddable":true,"href":"https:\/\/www.oparanews.com.br\/index.php\/wp-json\/wp\/v2\/comments?post=15373"}],"version-history":[{"count":0,"href":"https:\/\/www.oparanews.com.br\/index.php\/wp-json\/wp\/v2\/posts\/15373\/revisions"}],"wp:attachment":[{"href":"https:\/\/www.oparanews.com.br\/index.php\/wp-json\/wp\/v2\/media?parent=15373"}],"wp:term":[{"taxonomy":"category","embeddable":true,"href":"https:\/\/www.oparanews.com.br\/index.php\/wp-json\/wp\/v2\/categories?post=15373"},{"taxonomy":"post_tag","embeddable":true,"href":"https:\/\/www.oparanews.com.br\/index.php\/wp-json\/wp\/v2\/tags?post=15373"}],"curies":[{"name":"wp","href":"https:\/\/api.w.org\/{rel}","templated":true}]}}