{"id":15376,"date":"2021-05-06T00:01:48","date_gmt":"2021-05-06T00:01:48","guid":{"rendered":"https:\/\/oparanews.com.br\/?p=15376"},"modified":"2021-05-06T00:01:48","modified_gmt":"2021-05-06T00:01:48","slug":"biden-apoia-quebra-de-patentes-para-vacina","status":"publish","type":"post","link":"https:\/\/www.oparanews.com.br\/index.php\/2021\/05\/06\/biden-apoia-quebra-de-patentes-para-vacina\/","title":{"rendered":"Biden apoia quebra de patentes para vacina"},"content":{"rendered":"<p>O governo de Joe Biden decidiu apoiar a suspens\u00e3o de direitos de propriedade intelectual sobre as vacinas contra covid-19, uma ideia proposta por pa\u00edses como \u00cdndia e \u00c1frica do Sul na Organiza\u00e7\u00e3o Mundial do Com\u00e9rcio (OMC) que pode permitir a quebra de patente dos imunizantes. A ideia de pa\u00edses em desenvolvimento \u00e9 facilitar a transfer\u00eancia de tecnologia e possibilitar a produ\u00e7\u00e3o das vacinas em na\u00e7\u00f5es que est\u00e3o atr\u00e1s na corrida pela imuniza\u00e7\u00e3o.<\/p>\n<p>&#8220;Essa \u00e9 uma crise de sa\u00fade global e as circunst\u00e2ncias extraordin\u00e1rias da pandemia de covid-19 exigem medidas extraordin\u00e1rias. O governo (Biden) acredita fortemente nas prote\u00e7\u00f5es de propriedade intelectual, mas em trabalho para acabar com essa pandemia apoia a suspens\u00e3o dessas prote\u00e7\u00f5es para as vacinas contra covid-19&#8221;, anunciou a representante comercial dos EUA, Katherine Tai.<\/p>\n<p>Ela disse que o governo americano ir\u00e1 participar ativamente das negocia\u00e7\u00f5es na OMC para permitir que isso aconte\u00e7a. &#8220;Essas negocia\u00e7\u00f5es levar\u00e3o tempo considerando a natureza da institui\u00e7\u00e3o de busca por consenso e a complexidade das quest\u00f5es envolvidas&#8221;, disse.<\/p>\n<p>A proposta da \u00c1frica do Sul e da \u00cdndia engloba a ren\u00fancia a diferentes direitos de prote\u00e7\u00e3o intelectual, entre eles as patentes dos imunizantes, mas tamb\u00e9m quest\u00f5es como desenho industrial, por exemplo.<\/p>\n<p>Os Estados Unidos, sede de grandes farmac\u00eauticas, historicamente se op\u00f5em \u00e0 discuss\u00e3o sobre quebra de patentes. Desde o ano passado, em rodadas de negocia\u00e7\u00f5es na OMC sobre o tema, o pa\u00eds foi um dos que rejeitou a proposta de na\u00e7\u00f5es em desenvolvimento, ao lado de Su\u00ed\u00e7a, Jap\u00e3o e Reino Unido, em um embate entre pa\u00edses ricos e pobres. O Brasil n\u00e3o apoiou a proposta da \u00cdndia e da \u00c1frica do Sul.<\/p>\n<p>O argumento do setor privado \u00e9 de que o fim das prote\u00e7\u00f5es de propriedade intelectual n\u00e3o resolver\u00e1 os gargalos de produ\u00e7\u00e3o e, portanto, n\u00e3o resultar\u00e1 imediatamente na maior oferta de vacinas.<\/p>\n<p>O tema come\u00e7ou a ser discutido ainda no governo de Donald Trump. Desde ent\u00e3o, a press\u00e3o para que a Casa Branca mudasse de posi\u00e7\u00e3o s\u00f3 cresceu. A proposta de \u00cdndia e \u00c1frica do Sul ganhou apoio de cerca de 100 pa\u00edses e congressistas democratas tamb\u00e9m pleitearam uma nova posi\u00e7\u00e3o do governo Biden, \u00e0 medida que o abismo entre a vacina\u00e7\u00e3o nos pa\u00edses ricos e pobres fica cada vez maior.<\/p>\n<p>Enquanto os EUA pretendem imunizar ao menos 70% da popula\u00e7\u00e3o at\u00e9 4 de julho, especialistas apontam que, no ritmo atual, pa\u00edses pobres podem terminar de vacinar suas popula\u00e7\u00f5es s\u00f3 em 2024.<\/p>\n<p>Ativistas e representantes de organismos internacionais, como a nova diretora da OMC, Ngozi Okonjo-Iweala, e o l\u00edder da OMS, Tedros Adhanom Ghebreyesus?, t\u00eam criticado os efeitos do &#8220;nacionalismo da vacina&#8221; nos pa\u00edses pobres. A ONG M\u00e9dicos Sem Fronteiras divulgou uma carta com apoio de quase 400 organiza\u00e7\u00f5es da sociedade civil respaldando a quebra de patentes e, em mensagem de Natal, o papa Francisco pediu que &#8220;for\u00e7as do mercado&#8221; e &#8220;leis de patente&#8221; n\u00e3o atrapalhem o combate global \u00e0 pandemia.<\/p>\n<p>Democratas tamb\u00e9m argumentam que o governo americano ajudou a financiar o desenvolvimento de alguns imunizantes com verba federal, como a vacina desenvolvida pela Moderna, e deveria usar a quebra de patente para pressionar as empresas a transferir tecnologia a outros pa\u00edses com capacidade de produ\u00e7\u00e3o.<\/p>\n<p>&nbsp;<\/p>\n<p><strong>Fonte: Estad\u00e3o<\/strong><\/p>\n<p>&nbsp;<\/p>\n","protected":false},"excerpt":{"rendered":"<p>O governo de Joe Biden decidiu apoiar a suspens\u00e3o de direitos de propriedade intelectual sobre as vacinas contra covid-19, uma ideia proposta por pa\u00edses como \u00cdndia e \u00c1frica do Sul na Organiza\u00e7\u00e3o Mundial do Com\u00e9rcio (OMC) que pode permitir a quebra de patente dos imunizantes. A ideia de pa\u00edses em desenvolvimento \u00e9 facilitar a transfer\u00eancia &hellip;<\/p>\n","protected":false},"author":1,"featured_media":15377,"comment_status":"closed","ping_status":"closed","sticky":false,"template":"","format":"standard","meta":{"_jetpack_newsletter_access":"","_jetpack_dont_email_post_to_subs":false,"_jetpack_newsletter_tier_id":0,"_jetpack_memberships_contains_paywalled_content":false,"_jetpack_memberships_contains_paid_content":false,"footnotes":""},"categories":[1],"tags":[],"class_list":["post-15376","post","type-post","status-publish","format-standard","has-post-thumbnail","hentry","category-destaque"],"jetpack_sharing_enabled":true,"jetpack_featured_media_url":"","_links":{"self":[{"href":"https:\/\/www.oparanews.com.br\/index.php\/wp-json\/wp\/v2\/posts\/15376","targetHints":{"allow":["GET"]}}],"collection":[{"href":"https:\/\/www.oparanews.com.br\/index.php\/wp-json\/wp\/v2\/posts"}],"about":[{"href":"https:\/\/www.oparanews.com.br\/index.php\/wp-json\/wp\/v2\/types\/post"}],"author":[{"embeddable":true,"href":"https:\/\/www.oparanews.com.br\/index.php\/wp-json\/wp\/v2\/users\/1"}],"replies":[{"embeddable":true,"href":"https:\/\/www.oparanews.com.br\/index.php\/wp-json\/wp\/v2\/comments?post=15376"}],"version-history":[{"count":0,"href":"https:\/\/www.oparanews.com.br\/index.php\/wp-json\/wp\/v2\/posts\/15376\/revisions"}],"wp:attachment":[{"href":"https:\/\/www.oparanews.com.br\/index.php\/wp-json\/wp\/v2\/media?parent=15376"}],"wp:term":[{"taxonomy":"category","embeddable":true,"href":"https:\/\/www.oparanews.com.br\/index.php\/wp-json\/wp\/v2\/categories?post=15376"},{"taxonomy":"post_tag","embeddable":true,"href":"https:\/\/www.oparanews.com.br\/index.php\/wp-json\/wp\/v2\/tags?post=15376"}],"curies":[{"name":"wp","href":"https:\/\/api.w.org\/{rel}","templated":true}]}}