{"id":15385,"date":"2021-05-06T00:16:15","date_gmt":"2021-05-06T00:16:15","guid":{"rendered":"https:\/\/oparanews.com.br\/?p=15385"},"modified":"2021-05-06T00:16:15","modified_gmt":"2021-05-06T00:16:15","slug":"ronaldo-lopes-anuncia-vacinacao-contra-covid-19-para-professores-e-funcionarios-da-educacao","status":"publish","type":"post","link":"https:\/\/www.oparanews.com.br\/index.php\/2021\/05\/06\/ronaldo-lopes-anuncia-vacinacao-contra-covid-19-para-professores-e-funcionarios-da-educacao\/","title":{"rendered":"Ronaldo Lopes anuncia vacina\u00e7\u00e3o contra Covid-19 para professores e funcion\u00e1rios da Educa\u00e7\u00e3o"},"content":{"rendered":"<p>A campanha de imuniza\u00e7\u00e3o contra o coronav\u00edrus em Penedo avan\u00e7a para o pessoal que trabalha em escolas p\u00fablicas e privadas.<\/p>\n<p>A \u00f3tima not\u00edcia foi divulgada pelo Prefeito Ronaldo Lopes no in\u00edcio da noite desta quarta-feira, 05.<\/p>\n<p>Profissionais do magist\u00e9rio e trabalhadores da Educa\u00e7\u00e3o com idade entre 55 e 59 anos j\u00e1 podem se dirigir at\u00e9 a Central de Vacina\u00e7\u00e3o a partir desta quinta-feira, 06.<\/p>\n<p>\u201c\u00c9 mais um grande avan\u00e7o no combate ao Covid em nossa cidade. Estamos nos preparando tamb\u00e9m para que possamos voltar a ter as aulas presenciais\u201d, destacou Ronaldo Lopes.<\/p>\n<p><iframe loading=\"lazy\" title=\"Prefeito Ronaldo Lopes anuncia vacina\u00e7\u00e3o para professores e servidores da Educa\u00e7\u00e3o\" width=\"500\" height=\"281\" src=\"https:\/\/www.youtube.com\/embed\/UkeohFWsKWo?start=19&#038;feature=oembed\" frameborder=\"0\" allow=\"accelerometer; autoplay; clipboard-write; encrypted-media; gyroscope; picture-in-picture; web-share\" referrerpolicy=\"strict-origin-when-cross-origin\" allowfullscreen><\/iframe><\/p>\n<p>Para comprovar o v\u00ednculo de trabalho com a escola, o trabalhador precisa:apresentar seu contra-cheque ou declara\u00e7\u00e3o assinada pelo diretor da unidade de ensino.<\/p>\n<p>A Central de Vacina\u00e7\u00e3o contra Covid-19 funciona na Esvola Estadual Ernani M\u00e9ro, no hor\u00e1rio entre 7h e 17 horas.<\/p>\n<p>&nbsp;<\/p>\n<p><strong>Fonte: Decom &#8211; PMP<\/strong><\/p>\n<p>&nbsp;<\/p>\n","protected":false},"excerpt":{"rendered":"<p>A campanha de imuniza\u00e7\u00e3o contra o coronav\u00edrus em Penedo avan\u00e7a para o pessoal que trabalha em escolas p\u00fablicas e privadas. A \u00f3tima not\u00edcia foi divulgada pelo Prefeito Ronaldo Lopes no in\u00edcio da noite desta quarta-feira, 05. Profissionais do magist\u00e9rio e trabalhadores da Educa\u00e7\u00e3o com idade entre 55 e 59 anos j\u00e1 podem se dirigir at\u00e9 &hellip;<\/p>\n","protected":false},"author":1,"featured_media":15386,"comment_status":"closed","ping_status":"closed","sticky":false,"template":"","format":"standard","meta":{"_jetpack_newsletter_access":"","_jetpack_dont_email_post_to_subs":false,"_jetpack_newsletter_tier_id":0,"_jetpack_memberships_contains_paywalled_content":false,"_jetpack_memberships_contains_paid_content":false,"footnotes":""},"categories":[1],"tags":[],"class_list":["post-15385","post","type-post","status-publish","format-standard","has-post-thumbnail","hentry","category-destaque"],"jetpack_sharing_enabled":true,"jetpack_featured_media_url":"","_links":{"self":[{"href":"https:\/\/www.oparanews.com.br\/index.php\/wp-json\/wp\/v2\/posts\/15385","targetHints":{"allow":["GET"]}}],"collection":[{"href":"https:\/\/www.oparanews.com.br\/index.php\/wp-json\/wp\/v2\/posts"}],"about":[{"href":"https:\/\/www.oparanews.com.br\/index.php\/wp-json\/wp\/v2\/types\/post"}],"author":[{"embeddable":true,"href":"https:\/\/www.oparanews.com.br\/index.php\/wp-json\/wp\/v2\/users\/1"}],"replies":[{"embeddable":true,"href":"https:\/\/www.oparanews.com.br\/index.php\/wp-json\/wp\/v2\/comments?post=15385"}],"version-history":[{"count":0,"href":"https:\/\/www.oparanews.com.br\/index.php\/wp-json\/wp\/v2\/posts\/15385\/revisions"}],"wp:attachment":[{"href":"https:\/\/www.oparanews.com.br\/index.php\/wp-json\/wp\/v2\/media?parent=15385"}],"wp:term":[{"taxonomy":"category","embeddable":true,"href":"https:\/\/www.oparanews.com.br\/index.php\/wp-json\/wp\/v2\/categories?post=15385"},{"taxonomy":"post_tag","embeddable":true,"href":"https:\/\/www.oparanews.com.br\/index.php\/wp-json\/wp\/v2\/tags?post=15385"}],"curies":[{"name":"wp","href":"https:\/\/api.w.org\/{rel}","templated":true}]}}