{"id":15394,"date":"2021-05-06T14:53:52","date_gmt":"2021-05-06T14:53:52","guid":{"rendered":"https:\/\/oparanews.com.br\/?p=15394"},"modified":"2021-05-06T14:53:52","modified_gmt":"2021-05-06T14:53:52","slug":"cmdca-de-penedo-tem-nova-diretora-e-conselheiros-nomeados","status":"publish","type":"post","link":"https:\/\/www.oparanews.com.br\/index.php\/2021\/05\/06\/cmdca-de-penedo-tem-nova-diretora-e-conselheiros-nomeados\/","title":{"rendered":"CMDCA de Penedo tem nova diretora e conselheiros nomeados"},"content":{"rendered":"<p>O Conselho Municipal dos Direitos da Crian\u00e7a e do Adolescente (CMDCA) de Penedo est\u00e1 com todos os integrantes nomeados, conforme o Decreto n\u00ba 731\/2021.<\/p>\n<p>A diretoria \u00e9 composta por Rosseneide Matias da Silva (Presidente e Representante da Associa\u00e7\u00e3o de Amigos e Pais de Pessoas Especiais\/AAPPE), Andr\u00e9ia Santana Cruz (Vice-Presidente e Representante da Secretaria Municipal de Desenvolvimento Social e Habita\u00e7\u00e3o), Teresinha de Jesus Alves (1\u00aa Secret\u00e1ria e Representante do Centro Juvenil Maria Auxiliadora), e Darlene Nonato Santos (2\u00aa Secret\u00e1ria e Representante da Secretaria Municipal de Sa\u00fade).<\/p>\n<p>Toda a composi\u00e7\u00e3o do \u00f3rg\u00e3o colegiado est\u00e1 informada no Decreto Municipal dispon\u00edvel na imagem abaixo do texto<\/p>\n<p>O CMDCA \u00e9 um \u00f3rg\u00e3o parit\u00e1rio cujos integrantes representam entidades da sociedade civil organizada ou setores do Poder Executivo municipal.<\/p>\n<p>Entre as atribui\u00e7\u00f5es do Conselho Municipal constam a proposi\u00e7\u00e3o, a delibera\u00e7\u00e3o e o controle das pol\u00edticas p\u00fablicas municipais voltadas para seu p\u00fablico-alvo, gerenciando e estabelecendo crit\u00e9rios de utiliza\u00e7\u00e3o de recursos dos fundos de direitos da crian\u00e7a e do adolescente do munic\u00edpio.<\/p>\n<p>O CMDCA tamb\u00e9m cadastra entidades que atuam com crian\u00e7as e adolescentes e acompanha se os projetos e programas atendem aos requisitos da legisla\u00e7\u00e3o.<\/p>\n<p><a href=\"https:\/\/penedo.al.gov.br\/wp-content\/uploads\/2021\/05\/Decreto-Municipal-Nomeacao-CMDCA-Penedo.pdf\"><strong>Decreto-Municipal-Nomea\u00e7\u00e3o-CMDCA-Penedo<\/strong><\/a><\/p>\n<p>&nbsp;<\/p>\n<p><strong>Fonte: Decom &#8211; PMP<\/strong><\/p>\n<p>&nbsp;<\/p>\n","protected":false},"excerpt":{"rendered":"<p>O Conselho Municipal dos Direitos da Crian\u00e7a e do Adolescente (CMDCA) de Penedo est\u00e1 com todos os integrantes nomeados, conforme o Decreto n\u00ba 731\/2021. A diretoria \u00e9 composta por Rosseneide Matias da Silva (Presidente e Representante da Associa\u00e7\u00e3o de Amigos e Pais de Pessoas Especiais\/AAPPE), Andr\u00e9ia Santana Cruz (Vice-Presidente e Representante da Secretaria Municipal de &hellip;<\/p>\n","protected":false},"author":1,"featured_media":15395,"comment_status":"closed","ping_status":"closed","sticky":false,"template":"","format":"standard","meta":{"_jetpack_newsletter_access":"","_jetpack_dont_email_post_to_subs":false,"_jetpack_newsletter_tier_id":0,"_jetpack_memberships_contains_paywalled_content":false,"_jetpack_memberships_contains_paid_content":false,"footnotes":""},"categories":[1],"tags":[],"class_list":["post-15394","post","type-post","status-publish","format-standard","has-post-thumbnail","hentry","category-destaque"],"jetpack_sharing_enabled":true,"jetpack_featured_media_url":"","_links":{"self":[{"href":"https:\/\/www.oparanews.com.br\/index.php\/wp-json\/wp\/v2\/posts\/15394","targetHints":{"allow":["GET"]}}],"collection":[{"href":"https:\/\/www.oparanews.com.br\/index.php\/wp-json\/wp\/v2\/posts"}],"about":[{"href":"https:\/\/www.oparanews.com.br\/index.php\/wp-json\/wp\/v2\/types\/post"}],"author":[{"embeddable":true,"href":"https:\/\/www.oparanews.com.br\/index.php\/wp-json\/wp\/v2\/users\/1"}],"replies":[{"embeddable":true,"href":"https:\/\/www.oparanews.com.br\/index.php\/wp-json\/wp\/v2\/comments?post=15394"}],"version-history":[{"count":0,"href":"https:\/\/www.oparanews.com.br\/index.php\/wp-json\/wp\/v2\/posts\/15394\/revisions"}],"wp:attachment":[{"href":"https:\/\/www.oparanews.com.br\/index.php\/wp-json\/wp\/v2\/media?parent=15394"}],"wp:term":[{"taxonomy":"category","embeddable":true,"href":"https:\/\/www.oparanews.com.br\/index.php\/wp-json\/wp\/v2\/categories?post=15394"},{"taxonomy":"post_tag","embeddable":true,"href":"https:\/\/www.oparanews.com.br\/index.php\/wp-json\/wp\/v2\/tags?post=15394"}],"curies":[{"name":"wp","href":"https:\/\/api.w.org\/{rel}","templated":true}]}}