{"id":15400,"date":"2021-05-07T00:22:20","date_gmt":"2021-05-07T00:22:20","guid":{"rendered":"https:\/\/oparanews.com.br\/?p=15400"},"modified":"2021-05-07T00:22:20","modified_gmt":"2021-05-07T00:22:20","slug":"operacao-policial-em-favela-do-rio-termina-com-25-mortes","status":"publish","type":"post","link":"https:\/\/www.oparanews.com.br\/index.php\/2021\/05\/07\/operacao-policial-em-favela-do-rio-termina-com-25-mortes\/","title":{"rendered":"Opera\u00e7\u00e3o policial em favela do Rio termina com 25 mortes"},"content":{"rendered":"<p>Uma opera\u00e7\u00e3o policial na favela do Jacarezinho, na zona norte do Rio de Janeiro, deixou pelo menos 25 pessoas mortas na manh\u00e3 desta quinta-feira, 6. \u00c9 a que resultou em mais mortes no Estado no per\u00edodo democr\u00e1tico, segundo dados do Grupo de Estudos dos Novos Ilegalismos da Universidade Federal Fluminense (Geni-UFF). A incurs\u00e3o da Pol\u00edcia Civil ocorreu para apurar o suposto aliciamento de menores e o sequestro de trens da SuperVia pela maior fac\u00e7\u00e3o do tr\u00e1fico no Estado, o Comando Vermelho.<\/p>\n<p>Segundo a corpora\u00e7\u00e3o, a maioria dos mortos eram suspeitos de integrar o tr\u00e1fico. Um policial morreu durante a a\u00e7\u00e3o: o agente Andr\u00e9 Frias, que integrava a Delegacia de Combate \u00e0s Drogas, foi baleado na cabe\u00e7a. Ele chegou a ser levado para o Hospital Municipal Salgado Filho, no M\u00e9ier, mas n\u00e3o resistiu.<\/p>\n<p>Batizada de Opera\u00e7\u00e3o Exceptis, a empreitada come\u00e7ou logo cedo, pouco depois das 6h, quando moradores j\u00e1 relatavam a presen\u00e7a de helic\u00f3pteros sobrevoando a regi\u00e3o e de intensa troca de tiros. Al\u00e9m dos mortos, houve feridos &#8211; inclusive dentro da esta\u00e7\u00e3o de metr\u00f4 de Triagem, da linha 2.<\/p>\n<p>Em nota, a Defensoria P\u00fablica do Rio informou que &#8220;est\u00e1 acompanhando com muita aten\u00e7\u00e3o&#8221; os desdobramentos da opera\u00e7\u00e3o desta manh\u00e3 e que est\u00e1 na comunidade.<\/p>\n<p>&#8220;Neste momento, a institui\u00e7\u00e3o est\u00e1 no local, por meio de sua Ouvidoria e do N\u00facleo de Defesa dos Direitos Humanos, ouvindo os moradores e apurando as circunst\u00e2ncias da opera\u00e7\u00e3o, a fim de avaliar as medidas individuais e coletivas a serem adotadas. Desde j\u00e1, manifestamos nosso pesar e solidariedade aos familiares de todas as v\u00edtimas de mais essa trag\u00e9dia a acometer nosso estado.&#8221;<\/p>\n<p><strong>Feridos no metr\u00f4<\/strong><\/p>\n<p>Imagens que circulam nas redes sociais mostram a janela de uma das composi\u00e7\u00f5es do modal, que naquele trecho circula na superf\u00edcie, com uma marca de tiro. O Metr\u00f4 Rio informou que uma pessoa foi ferida por estilha\u00e7os de vidro; a outra, de rasp\u00e3o no bra\u00e7o.<\/p>\n<p>&nbsp;<\/p>\n<p><strong>Fonte: Terra<\/strong><\/p>\n<p>&nbsp;<\/p>\n","protected":false},"excerpt":{"rendered":"<p>Uma opera\u00e7\u00e3o policial na favela do Jacarezinho, na zona norte do Rio de Janeiro, deixou pelo menos 25 pessoas mortas na manh\u00e3 desta quinta-feira, 6. \u00c9 a que resultou em mais mortes no Estado no per\u00edodo democr\u00e1tico, segundo dados do Grupo de Estudos dos Novos Ilegalismos da Universidade Federal Fluminense (Geni-UFF). A incurs\u00e3o da Pol\u00edcia &hellip;<\/p>\n","protected":false},"author":1,"featured_media":15401,"comment_status":"closed","ping_status":"closed","sticky":false,"template":"","format":"standard","meta":{"_jetpack_newsletter_access":"","_jetpack_dont_email_post_to_subs":false,"_jetpack_newsletter_tier_id":0,"_jetpack_memberships_contains_paywalled_content":false,"_jetpack_memberships_contains_paid_content":false,"footnotes":""},"categories":[1],"tags":[],"class_list":["post-15400","post","type-post","status-publish","format-standard","has-post-thumbnail","hentry","category-destaque"],"jetpack_sharing_enabled":true,"jetpack_featured_media_url":"","_links":{"self":[{"href":"https:\/\/www.oparanews.com.br\/index.php\/wp-json\/wp\/v2\/posts\/15400","targetHints":{"allow":["GET"]}}],"collection":[{"href":"https:\/\/www.oparanews.com.br\/index.php\/wp-json\/wp\/v2\/posts"}],"about":[{"href":"https:\/\/www.oparanews.com.br\/index.php\/wp-json\/wp\/v2\/types\/post"}],"author":[{"embeddable":true,"href":"https:\/\/www.oparanews.com.br\/index.php\/wp-json\/wp\/v2\/users\/1"}],"replies":[{"embeddable":true,"href":"https:\/\/www.oparanews.com.br\/index.php\/wp-json\/wp\/v2\/comments?post=15400"}],"version-history":[{"count":0,"href":"https:\/\/www.oparanews.com.br\/index.php\/wp-json\/wp\/v2\/posts\/15400\/revisions"}],"wp:attachment":[{"href":"https:\/\/www.oparanews.com.br\/index.php\/wp-json\/wp\/v2\/media?parent=15400"}],"wp:term":[{"taxonomy":"category","embeddable":true,"href":"https:\/\/www.oparanews.com.br\/index.php\/wp-json\/wp\/v2\/categories?post=15400"},{"taxonomy":"post_tag","embeddable":true,"href":"https:\/\/www.oparanews.com.br\/index.php\/wp-json\/wp\/v2\/tags?post=15400"}],"curies":[{"name":"wp","href":"https:\/\/api.w.org\/{rel}","templated":true}]}}