{"id":15403,"date":"2021-05-07T00:27:08","date_gmt":"2021-05-07T00:27:08","guid":{"rendered":"https:\/\/oparanews.com.br\/?p=15403"},"modified":"2021-05-07T00:27:08","modified_gmt":"2021-05-07T00:27:08","slug":"queiroga-admite-que-inflou-dados-de-vacinas-do-governo","status":"publish","type":"post","link":"https:\/\/www.oparanews.com.br\/index.php\/2021\/05\/07\/queiroga-admite-que-inflou-dados-de-vacinas-do-governo\/","title":{"rendered":"Queiroga admite que inflou dados de vacinas do governo"},"content":{"rendered":"<p>O Ministro da Sa\u00fade, Marcelo Queiroga, admitiu nesta quinta-feira, 6, que divulgou um n\u00famero inflado de vacinas j\u00e1 contratadas pela pasta. Queiroga foi questionado durante seu depoimento \u00e0 CPI da Covid no Senado, ainda em andamento, pelo relator Renan Calheiros (MDB-AL).<\/p>\n<p>Reportagem do Estad\u00e3o publicada nesta quarta-feira, 5, revelou resposta do minist\u00e9rio a um requerimento de informa\u00e7\u00f5es do deputado Gustavo Fruet (PDT-PR. Nela, a pasta diz que apenas parte das doses divulgadas como &#8220;compradas&#8221; possui contratos fechados. Em propagandas oficiais e em falas p\u00fablicas, Queiroga tem divulgado o n\u00famero de 560 milh\u00f5es de doses j\u00e1 contratadas. Ao responder ao deputado, no entanto, o minist\u00e9rio disse que apenas metade disso \u2014 cerca de 280 milh\u00f5es \u2014 tem contratos fechados.<\/p>\n<p>Ao ser questionado por Renan Calheiros sobre qual \u00e9 o n\u00famero que de fato j\u00e1 foram compradas, Queiroga se contradisse. Primeiro, insistiu que o n\u00famero de doses contratadas era de 560 milh\u00f5es. Depois de receber informa\u00e7\u00f5es do secret\u00e1rio executivo do minist\u00e9rio, Rodrigo Ot\u00e1vio da Cruz, admitiu que o n\u00famero era menor e citou a quantidade de 430 milh\u00f5es de doses.<\/p>\n<p>O ministro dep\u00f5e na condi\u00e7\u00e3o de testemunha e, caso minta aos senadores, pode acabar preso. O C\u00f3digo Penal, em seu artigo 342, classifica como crime pun\u00edvel com reclus\u00e3o de dois a quatro anos e multa, o ato de fazer afirma\u00e7\u00e3o falsa ou calar a verdade. Portanto, os convocados na condi\u00e7\u00e3o de testemunha s\u00e3o obrigados a comparecer e dizer a verdade.<\/p>\n<p>No depoimento, Queiroga tamb\u00e9m afirmou que a pasta errou na resposta oficial a Gustavo Fruet. Segundo o ministro, haver\u00e1 uma apura\u00e7\u00e3o interna no minist\u00e9rio para determinar o que ocorreu, e a resposta ao deputado ser\u00e1 &#8220;retificada&#8221;.<\/p>\n<p>&#8220;O pr\u00f3prio Minist\u00e9rio da Sa\u00fade divulgou essa informa\u00e7\u00e3o. No entanto, em documento oficial dirigido \u00e0 C\u00e2mara, as \u00e1reas t\u00e9cnicas informaram que apenas metade est\u00e1 contratada, cerca de 280 milh\u00f5es de doses, o que \u00e9 insuficiente para vacinar todos os brasileiros at\u00e9 o fim de 2021. A que se deve esse equ\u00edvoco t\u00e3o grande?&#8221;, questionou Calheiros.<\/p>\n<p>Num primeiro momento, o ministro reafirmou o n\u00famero de 560 milh\u00f5es de doses contratadas. Omitiu dos senadores que o n\u00famero inclui 110 milh\u00f5es de doses da AstraZeneca e 30 milh\u00f5es de doses da CoronaVac sem contrato fechado.<\/p>\n<p>&#8220;Qual a verdade? Quantas doses est\u00e3o efetivamente contratadas?&#8221;, insistiu Renan Calheiros. &#8220;J\u00e1 falamos (pausa para ser orientado por assessor) 430 milh\u00f5es est\u00e3o contratadas, segundo aqui me informou nosso secret\u00e1rio executivo&#8221;, disse Queiroga. &#8220;N\u00e3o s\u00e3o 560 milh\u00f5es como afirmava Vossa Excel\u00eancia?&#8221;, questionou Renan. &#8220;A observa\u00e7\u00e3o da Fiocruz que n\u00e3o tem contrato, mas isso est\u00e1 assegurado dentro da Encomendo Tecnol\u00f3gica. S\u00e3o 100 milh\u00f5es de doses, que perfazem as 560 milh\u00f5es&#8221;, tergiversou Queiroga.<\/p>\n<p><strong>Transfer\u00eancia tecnol\u00f3gica<\/strong><\/p>\n<p>Em nota \u00e0 reportagem do Estad\u00e3o, a Fiocruz informou que o acordo com a AstraZeneca possui duas partes: a produ\u00e7\u00e3o de vacinas com base no Ingrediente Farmac\u00eautico Ativo (IFA), importado, e a transfer\u00eancia tecnol\u00f3gica para a produ\u00e7\u00e3o do IFA no Brasil.<\/p>\n<p>Segundo o laborat\u00f3rio brasileiro, a parte relativa \u00e0 importa\u00e7\u00e3o do IFA j\u00e1 foi assinada em setembro de 2020 e as vacinas est\u00e3o sendo fabricadas com os insumos produzidos no exterior. No entanto, o contrato para a produ\u00e7\u00e3o do ingrediente no Brasil ainda n\u00e3o foi assinado \u2014 esta \u00faltima parte, ainda n\u00e3o contratada, soma 110 milh\u00f5es de doses.<\/p>\n<p>Mais cedo, Renan Calheiros disse que Queiroga tinha reafirmado o n\u00famero errado de 560 milh\u00f5es de doses em outra audi\u00eancia anterior no Senado, na comiss\u00e3o de acompanhamento da covid-19 presidida pelo senador Conf\u00facio Moura (MDB-RO).<\/p>\n<p>O presidente da CPI, Omar Aziz (PSD-AM), perguntou se as mais de 500 milh\u00f5es de vacinas estar\u00e3o dispon\u00edveis at\u00e9 o fim do ano. Marcelo Queiroga n\u00e3o garantiu. &#8220;O compromisso, senador&#8230; Agora, o senhor sabe que h\u00e1 quest\u00f5es de desembara\u00e7o aduaneiro, de insumos&#8230; problemas&#8221;, disse.<\/p>\n<p>&nbsp;<\/p>\n<p><strong>Fonte: Estad\u00e3o<\/strong><\/p>\n<p>&nbsp;<\/p>\n","protected":false},"excerpt":{"rendered":"<p>O Ministro da Sa\u00fade, Marcelo Queiroga, admitiu nesta quinta-feira, 6, que divulgou um n\u00famero inflado de vacinas j\u00e1 contratadas pela pasta. Queiroga foi questionado durante seu depoimento \u00e0 CPI da Covid no Senado, ainda em andamento, pelo relator Renan Calheiros (MDB-AL). Reportagem do Estad\u00e3o publicada nesta quarta-feira, 5, revelou resposta do minist\u00e9rio a um requerimento &hellip;<\/p>\n","protected":false},"author":1,"featured_media":15404,"comment_status":"closed","ping_status":"closed","sticky":false,"template":"","format":"standard","meta":{"_jetpack_newsletter_access":"","_jetpack_dont_email_post_to_subs":false,"_jetpack_newsletter_tier_id":0,"_jetpack_memberships_contains_paywalled_content":false,"_jetpack_memberships_contains_paid_content":false,"footnotes":""},"categories":[1],"tags":[],"class_list":["post-15403","post","type-post","status-publish","format-standard","has-post-thumbnail","hentry","category-destaque"],"jetpack_sharing_enabled":true,"jetpack_featured_media_url":"","_links":{"self":[{"href":"https:\/\/www.oparanews.com.br\/index.php\/wp-json\/wp\/v2\/posts\/15403","targetHints":{"allow":["GET"]}}],"collection":[{"href":"https:\/\/www.oparanews.com.br\/index.php\/wp-json\/wp\/v2\/posts"}],"about":[{"href":"https:\/\/www.oparanews.com.br\/index.php\/wp-json\/wp\/v2\/types\/post"}],"author":[{"embeddable":true,"href":"https:\/\/www.oparanews.com.br\/index.php\/wp-json\/wp\/v2\/users\/1"}],"replies":[{"embeddable":true,"href":"https:\/\/www.oparanews.com.br\/index.php\/wp-json\/wp\/v2\/comments?post=15403"}],"version-history":[{"count":0,"href":"https:\/\/www.oparanews.com.br\/index.php\/wp-json\/wp\/v2\/posts\/15403\/revisions"}],"wp:attachment":[{"href":"https:\/\/www.oparanews.com.br\/index.php\/wp-json\/wp\/v2\/media?parent=15403"}],"wp:term":[{"taxonomy":"category","embeddable":true,"href":"https:\/\/www.oparanews.com.br\/index.php\/wp-json\/wp\/v2\/categories?post=15403"},{"taxonomy":"post_tag","embeddable":true,"href":"https:\/\/www.oparanews.com.br\/index.php\/wp-json\/wp\/v2\/tags?post=15403"}],"curies":[{"name":"wp","href":"https:\/\/api.w.org\/{rel}","templated":true}]}}