{"id":15406,"date":"2021-05-07T00:41:11","date_gmt":"2021-05-07T00:41:11","guid":{"rendered":"https:\/\/oparanews.com.br\/?p=15406"},"modified":"2021-05-07T00:41:11","modified_gmt":"2021-05-07T00:41:11","slug":"tecnico-do-crb-recebe-alta-apos-se-recuperar-da-covid-19","status":"publish","type":"post","link":"https:\/\/www.oparanews.com.br\/index.php\/2021\/05\/07\/tecnico-do-crb-recebe-alta-apos-se-recuperar-da-covid-19\/","title":{"rendered":"T\u00e9cnico do CRB recebe alta ap\u00f3s se recuperar da Covid-19"},"content":{"rendered":"<p>O t\u00e9cnico do CRB, Roberto Fernandes, recebeu alta no final da tarde desta quinta-feira (6), ap\u00f3s passar quase uma semana internado para se recuperar da Covid-19. Aos 50 anos, o treinador foi hospitalizado na Santa Casa de Macei\u00f3, ap\u00f3s sentir muito cansa\u00e7o. Agora ficar\u00e1 em repouso em casa.<\/p>\n<p>Enquanto o t\u00e9cnico est\u00e1 ausente das atividades, em recupera\u00e7\u00e3o, o time vem sendo treinado normalmente, em atividades di\u00e1rias, pelo auxiliar Fernando Alves.<\/p>\n<p>Roberto foi diagnosticado com Covid no dia 27 de abril. Quando saiu o resultado do exame, ele foi afastado imediatamente das atividades.<\/p>\n<p>O comandante estava internado na Santa Casa de Macei\u00f3 desde o \u00faltimo s\u00e1bado (1), melhorou nos \u00faltimos dias e, agora, vai para casa ficar com a fam\u00edlia.<\/p>\n<p>Atrav\u00e9s do Instagram, o t\u00e9cnico agradeceu agradeceu a todos os colaboradores e destacou o carinho com que foi tratado durante os dias em que esteve internado.<\/p>\n<p>&nbsp;<\/p>\n<p><strong>Fonte: Gazetaweb<\/strong><\/p>\n<p>&nbsp;<\/p>\n","protected":false},"excerpt":{"rendered":"<p>O t\u00e9cnico do CRB, Roberto Fernandes, recebeu alta no final da tarde desta quinta-feira (6), ap\u00f3s passar quase uma semana internado para se recuperar da Covid-19. Aos 50 anos, o treinador foi hospitalizado na Santa Casa de Macei\u00f3, ap\u00f3s sentir muito cansa\u00e7o. Agora ficar\u00e1 em repouso em casa. Enquanto o t\u00e9cnico est\u00e1 ausente das atividades, &hellip;<\/p>\n","protected":false},"author":1,"featured_media":15407,"comment_status":"closed","ping_status":"closed","sticky":false,"template":"","format":"standard","meta":{"_jetpack_newsletter_access":"","_jetpack_dont_email_post_to_subs":false,"_jetpack_newsletter_tier_id":0,"_jetpack_memberships_contains_paywalled_content":false,"_jetpack_memberships_contains_paid_content":false,"footnotes":""},"categories":[1],"tags":[],"class_list":["post-15406","post","type-post","status-publish","format-standard","has-post-thumbnail","hentry","category-destaque"],"jetpack_sharing_enabled":true,"jetpack_featured_media_url":"","_links":{"self":[{"href":"https:\/\/www.oparanews.com.br\/index.php\/wp-json\/wp\/v2\/posts\/15406","targetHints":{"allow":["GET"]}}],"collection":[{"href":"https:\/\/www.oparanews.com.br\/index.php\/wp-json\/wp\/v2\/posts"}],"about":[{"href":"https:\/\/www.oparanews.com.br\/index.php\/wp-json\/wp\/v2\/types\/post"}],"author":[{"embeddable":true,"href":"https:\/\/www.oparanews.com.br\/index.php\/wp-json\/wp\/v2\/users\/1"}],"replies":[{"embeddable":true,"href":"https:\/\/www.oparanews.com.br\/index.php\/wp-json\/wp\/v2\/comments?post=15406"}],"version-history":[{"count":0,"href":"https:\/\/www.oparanews.com.br\/index.php\/wp-json\/wp\/v2\/posts\/15406\/revisions"}],"wp:attachment":[{"href":"https:\/\/www.oparanews.com.br\/index.php\/wp-json\/wp\/v2\/media?parent=15406"}],"wp:term":[{"taxonomy":"category","embeddable":true,"href":"https:\/\/www.oparanews.com.br\/index.php\/wp-json\/wp\/v2\/categories?post=15406"},{"taxonomy":"post_tag","embeddable":true,"href":"https:\/\/www.oparanews.com.br\/index.php\/wp-json\/wp\/v2\/tags?post=15406"}],"curies":[{"name":"wp","href":"https:\/\/api.w.org\/{rel}","templated":true}]}}