{"id":15423,"date":"2021-05-08T01:01:12","date_gmt":"2021-05-08T01:01:12","guid":{"rendered":"https:\/\/oparanews.com.br\/?p=15423"},"modified":"2021-05-08T01:01:12","modified_gmt":"2021-05-08T01:01:12","slug":"alagoas-confirma-mais-18-mortes-e-854-novos-casos-de-covid","status":"publish","type":"post","link":"https:\/\/www.oparanews.com.br\/index.php\/2021\/05\/08\/alagoas-confirma-mais-18-mortes-e-854-novos-casos-de-covid\/","title":{"rendered":"Alagoas confirma mais 18 mortes e 854 novos casos de Covid"},"content":{"rendered":"<p>Alagoas registrou mais 18 mortes e 854 casos de Covid-19 nas \u00faltimas 24 horas. Os dados s\u00e3o do boletim epidemiol\u00f3gico divulgado nesta sexta-feira (7) pela Secretaria de Estado da Sa\u00fade (Sesau). Desde o in\u00edcio da pandemia, o estado contabiliza 178.288 casos confirmados e 4.347 \u00f3bitos.<\/p>\n<p>Em Macei\u00f3, foram sete novas mortes. Ao todo, a capital j\u00e1 confirmou 70.443 casos e 1.997 mortes. H\u00e1 ainda 5.155 casos suspeitos.<\/p>\n<p>O boletim mostra tamb\u00e9m que Alagoas tem acumulado 10.787 casos em investiga\u00e7\u00e3o laboratorial.<\/p>\n<p>Dos casos confirmados, 169.945 pessoas se recuperaram da doen\u00e7a.<\/p>\n<p>De acordo com o boletim de leitos, atualizado na noite de quinta (6), a taxa de ocupa\u00e7\u00e3o de leitos de UTI para Covid-19 em Alagoas chegou a 70%.<\/p>\n<p><strong>Mais 18 mortes por Covid-19<\/strong><\/p>\n<p>Macei\u00f3: Homem, 51 anos \u2013 diabetes e transtornos psiqui\u00e1tricos<br \/>\nMacei\u00f3: Homem, 65 anos \u2013 doen\u00e7a renal cr\u00f4nica e hipertens\u00e3o<br \/>\nMacei\u00f3: Homem, 66 anos \u2013 diabetes e hipertens\u00e3o<br \/>\nMacei\u00f3: Mulher, 58 anos \u2013 depress\u00e3o, ansiedade e obesidade<br \/>\nMacei\u00f3: Mulher, 60 anos \u2013 hipertens\u00e3o<br \/>\nMacei\u00f3: Mulher, 64 anos \u2013 obesidade<br \/>\nMacei\u00f3: Mulher, 69 anos \u2013 hipertens\u00e3o, diabetes e ex-tabagista<br \/>\nS\u00e3o Jos\u00e9 da Laje: Homem, 46 anos \u2013 hipertensa e diab\u00e9tica<br \/>\nS\u00e3o Jos\u00e9 da Laje: Homem, 55 anos \u2013 sem comorbidades<br \/>\nArapiraca: Homem, 59 anos \u2013 sem comorbidades<br \/>\nArapiraca: Homem, 80 anos \u2013 sem comorbidades<br \/>\nCra\u00edbas: Homem, 49 anos \u2013 sem comorbidades<br \/>\nCoit\u00e9 do Noia: Homem, 73 anos \u2013 hipertensa<br \/>\nIgaci: Mulher, 52 anos &#8211; sem comorbidades<br \/>\nPalmeira dos \u00cdndios: Mulher, 65 anos \u2013 hipertensa e diab\u00e9tica<br \/>\nEstrela de Alagoas: Mulher, 76 anos \u2013 doen\u00e7a cardiovascular e hipertensa<br \/>\nMarechal Deodoro: Mulher, 77 anos \u2013 caquexia (perda de peso em decorr\u00eancia de c\u00e2ncer)<br \/>\nAnadia: Mulher, 89 anos \u2013 diab\u00e9tica<\/p>\n<p>&nbsp;<\/p>\n<p><strong>Fonte: G1\/AL<\/strong><\/p>\n<p>&nbsp;<\/p>\n","protected":false},"excerpt":{"rendered":"<p>Alagoas registrou mais 18 mortes e 854 casos de Covid-19 nas \u00faltimas 24 horas. Os dados s\u00e3o do boletim epidemiol\u00f3gico divulgado nesta sexta-feira (7) pela Secretaria de Estado da Sa\u00fade (Sesau). Desde o in\u00edcio da pandemia, o estado contabiliza 178.288 casos confirmados e 4.347 \u00f3bitos. Em Macei\u00f3, foram sete novas mortes. Ao todo, a capital &hellip;<\/p>\n","protected":false},"author":1,"featured_media":6921,"comment_status":"closed","ping_status":"closed","sticky":false,"template":"","format":"standard","meta":{"_jetpack_newsletter_access":"","_jetpack_dont_email_post_to_subs":false,"_jetpack_newsletter_tier_id":0,"_jetpack_memberships_contains_paywalled_content":false,"_jetpack_memberships_contains_paid_content":false,"footnotes":""},"categories":[1],"tags":[],"class_list":["post-15423","post","type-post","status-publish","format-standard","has-post-thumbnail","hentry","category-destaque"],"jetpack_sharing_enabled":true,"jetpack_featured_media_url":"","_links":{"self":[{"href":"https:\/\/www.oparanews.com.br\/index.php\/wp-json\/wp\/v2\/posts\/15423","targetHints":{"allow":["GET"]}}],"collection":[{"href":"https:\/\/www.oparanews.com.br\/index.php\/wp-json\/wp\/v2\/posts"}],"about":[{"href":"https:\/\/www.oparanews.com.br\/index.php\/wp-json\/wp\/v2\/types\/post"}],"author":[{"embeddable":true,"href":"https:\/\/www.oparanews.com.br\/index.php\/wp-json\/wp\/v2\/users\/1"}],"replies":[{"embeddable":true,"href":"https:\/\/www.oparanews.com.br\/index.php\/wp-json\/wp\/v2\/comments?post=15423"}],"version-history":[{"count":0,"href":"https:\/\/www.oparanews.com.br\/index.php\/wp-json\/wp\/v2\/posts\/15423\/revisions"}],"wp:attachment":[{"href":"https:\/\/www.oparanews.com.br\/index.php\/wp-json\/wp\/v2\/media?parent=15423"}],"wp:term":[{"taxonomy":"category","embeddable":true,"href":"https:\/\/www.oparanews.com.br\/index.php\/wp-json\/wp\/v2\/categories?post=15423"},{"taxonomy":"post_tag","embeddable":true,"href":"https:\/\/www.oparanews.com.br\/index.php\/wp-json\/wp\/v2\/tags?post=15423"}],"curies":[{"name":"wp","href":"https:\/\/api.w.org\/{rel}","templated":true}]}}