{"id":15425,"date":"2021-05-08T01:03:49","date_gmt":"2021-05-08T01:03:49","guid":{"rendered":"https:\/\/oparanews.com.br\/?p=15425"},"modified":"2021-05-08T01:03:49","modified_gmt":"2021-05-08T01:03:49","slug":"vereador-rodrigo-regueira-presta-homenagem-a-empresario-com-nome-na-marina-publica","status":"publish","type":"post","link":"https:\/\/www.oparanews.com.br\/index.php\/2021\/05\/08\/vereador-rodrigo-regueira-presta-homenagem-a-empresario-com-nome-na-marina-publica\/","title":{"rendered":"Vereador Rodrigo Regueira presta homenagem a empres\u00e1rio com nome na Marina P\u00fablica"},"content":{"rendered":"<p>A Marina P\u00fablica de Penedo recebeu o nome do empres\u00e1rio Dalmo Martins Peixoto, respons\u00e1vel por gerar emprego e renda com diversos empreendimentos na cidade, entre eles a F\u00e1brica de Sab\u00e3o Zatur, localizada no bairro Santo Ant\u00f4nio que foi recuperada e adaptada para a instala\u00e7\u00e3o da marina.<\/p>\n<p>O investimento feito em parceria entre a Prefeitura de Penedo e o Iphan Alagoas resgatou tamb\u00e9m a mem\u00f3ria do penedense falecido em 1990 e cujo nome passa a identificar o novo uso do im\u00f3vel, conforme projeto de lei de autoria do Vereador Rodrigo Regueira apresentado na sess\u00e3o de quinta-feira, 06.<\/p>\n<p>Dalmo Peixoto nasceu em Penedo em 20 de Fevereiro de 1918, filho de Arthur da Silva Peixoto e Zaphira Martins Peixoto, casal que teve sete filhos, prole que trabalhou desde cedo, disposi\u00e7\u00e3o que levou Dalmo ao cargo de gerente da extinta Empresa de Energia El\u00e9trica de Penedo.<\/p>\n<p>O esp\u00edrito empreendedor o levou a deixar o emprego e partir para ter seu pr\u00f3prio neg\u00f3cio, com apoio do Comendador Jos\u00e9 da Silva Peixoto, parente e homem de grande vis\u00e3o e lideran\u00e7a.<\/p>\n<p>O trabalho bem sucedido uniu os irm\u00e3os Dalmo, M\u00e1rio e Cl\u00f3vis na empresa Dalmo Peixoto &amp; Cia, depois avan\u00e7ando para Ind\u00fastria e Com\u00e9rcio Dalmo Peixoto S.A., respons\u00e1vel pela Saboaria Zatur \u2013 nome escolhido para homenagear os pais Zafira e Artur \u2013 e f\u00e1bricas de beneficiamento de arroz, \u00f3leos vegetais e outras atividades comerciais que o levaram a residir em Macei\u00f3, onde faleceu.<\/p>\n<p>Ainda durante a sess\u00e3o de quinta, 06, Rodrigo Regueira requereu melhorias para a ilumina\u00e7\u00e3o do convento franciscano de Penedo, do Assentamento S\u00e3o Jos\u00e9 e do povoado Imbira 2.<\/p>\n<p>&nbsp;<\/p>\n<p><strong>Fonte: Assessoria<\/strong><\/p>\n<p>&nbsp;<\/p>\n","protected":false},"excerpt":{"rendered":"<p>A Marina P\u00fablica de Penedo recebeu o nome do empres\u00e1rio Dalmo Martins Peixoto, respons\u00e1vel por gerar emprego e renda com diversos empreendimentos na cidade, entre eles a F\u00e1brica de Sab\u00e3o Zatur, localizada no bairro Santo Ant\u00f4nio que foi recuperada e adaptada para a instala\u00e7\u00e3o da marina. O investimento feito em parceria entre a Prefeitura de &hellip;<\/p>\n","protected":false},"author":1,"featured_media":15426,"comment_status":"closed","ping_status":"closed","sticky":false,"template":"","format":"standard","meta":{"_jetpack_newsletter_access":"","_jetpack_dont_email_post_to_subs":false,"_jetpack_newsletter_tier_id":0,"_jetpack_memberships_contains_paywalled_content":false,"_jetpack_memberships_contains_paid_content":false,"footnotes":""},"categories":[1],"tags":[],"class_list":["post-15425","post","type-post","status-publish","format-standard","has-post-thumbnail","hentry","category-destaque"],"jetpack_sharing_enabled":true,"jetpack_featured_media_url":"","_links":{"self":[{"href":"https:\/\/www.oparanews.com.br\/index.php\/wp-json\/wp\/v2\/posts\/15425","targetHints":{"allow":["GET"]}}],"collection":[{"href":"https:\/\/www.oparanews.com.br\/index.php\/wp-json\/wp\/v2\/posts"}],"about":[{"href":"https:\/\/www.oparanews.com.br\/index.php\/wp-json\/wp\/v2\/types\/post"}],"author":[{"embeddable":true,"href":"https:\/\/www.oparanews.com.br\/index.php\/wp-json\/wp\/v2\/users\/1"}],"replies":[{"embeddable":true,"href":"https:\/\/www.oparanews.com.br\/index.php\/wp-json\/wp\/v2\/comments?post=15425"}],"version-history":[{"count":0,"href":"https:\/\/www.oparanews.com.br\/index.php\/wp-json\/wp\/v2\/posts\/15425\/revisions"}],"wp:attachment":[{"href":"https:\/\/www.oparanews.com.br\/index.php\/wp-json\/wp\/v2\/media?parent=15425"}],"wp:term":[{"taxonomy":"category","embeddable":true,"href":"https:\/\/www.oparanews.com.br\/index.php\/wp-json\/wp\/v2\/categories?post=15425"},{"taxonomy":"post_tag","embeddable":true,"href":"https:\/\/www.oparanews.com.br\/index.php\/wp-json\/wp\/v2\/tags?post=15425"}],"curies":[{"name":"wp","href":"https:\/\/api.w.org\/{rel}","templated":true}]}}