{"id":15446,"date":"2021-05-08T21:32:12","date_gmt":"2021-05-08T21:32:12","guid":{"rendered":"https:\/\/oparanews.com.br\/?p=15446"},"modified":"2021-05-08T21:32:12","modified_gmt":"2021-05-08T21:32:12","slug":"estado-de-sao-paulo-ultrapassa-100-mil-mortes-por-covid-19","status":"publish","type":"post","link":"https:\/\/www.oparanews.com.br\/index.php\/2021\/05\/08\/estado-de-sao-paulo-ultrapassa-100-mil-mortes-por-covid-19\/","title":{"rendered":"Estado de S\u00e3o Paulo ultrapassa 100 mil mortes por covid-19"},"content":{"rendered":"<p>O Estado de S\u00e3o Paulo ultrapassou a marca de 100 mil mortes por covid-19 neste s\u00e1bado, 8. O registro ocorre em meio \u00e0 preocupa\u00e7\u00e3o de um novo recrudescimento da pandemia em todo o Pa\u00eds.<\/p>\n<p>Ao todo, s\u00e3o 100.649 \u00f3bitos e 2.997.282 casos confirmados de novo coronav\u00edrus no Estado, segundo a Secretaria Estadual da Sa\u00fade. Do total, 660 mortes, 13.100 casos e 2.483 interna\u00e7\u00f5es foram registrados nas \u00faltimas 24 horas.<\/p>\n<p>A taxa de ocupa\u00e7\u00e3o \u00e9 de 78,5% em UTI e de 57,7% em leitos de enfermaria. No Brasil, o boletim do cons\u00f3rcio dos ve\u00edculos de imprensa de sexta-feira, 7, confirmava 419,3 mil \u00f3bitos no Pa\u00eds.<\/p>\n<p>Nos \u00faltimos tr\u00eas dias, o Estado est\u00e1 com um aumento gradual da m\u00e9dia m\u00f3vel (calculada com os dados dos \u00faltimos sete dias) de interna\u00e7\u00f5es, com 2.254 hospitaliza\u00e7\u00f5es di\u00e1rias no balan\u00e7o deste s\u00e1bado. A taxa \u00e9 quase tr\u00eas vezes maior do que a do in\u00edcio de novembro, com 840 interna\u00e7\u00f5es. No auge da pandemia, no fim de mar\u00e7o, a m\u00e9dia chegou a 3.399 hospitaliza\u00e7\u00f5es.<\/p>\n<p>Em queda, a m\u00e9dia m\u00f3vel de \u00f3bitos foi de 529 neste s\u00e1bado. Em novembro, era de cerca de 85 por dia. O mesmo se repete entre os casos, com m\u00e9dia m\u00f3vel de 11.320 tamb\u00e9m neste s\u00e1bado. No in\u00edcio de novembro, estava na casa dos 2,4 mil diariamente.<\/p>\n<p>Os munic\u00edpios paulistas que mais registraram \u00f3bitos por covid-19 s\u00e3o: S\u00e3o Paulo (28.309), Guarulhos (3.652), Campinas (3.129), S\u00e3o Bernardo do Campo (2.375), Santo Andr\u00e9 (2.162), S\u00e3o Jos\u00e9 do Rio Preto (1.992), Ribeir\u00e3o Preto (1.935), Osasco (1.858), Sorocaba (1.709), Santos (1.558), S\u00e3o Jos\u00e9 dos Campos (1.275), Mau\u00e1 (1.200), Mogi das Cruzes (1.092) e Jundia\u00ed (1.073).<\/p>\n<p>Na sexta-feira, o governo Jo\u00e3o Doria (PSDB) anunciou a prorroga\u00e7\u00e3o da &#8220;fase de transi\u00e7\u00e3o&#8221; do Plano S\u00e3o Paulo at\u00e9 23 de maio. O hor\u00e1rio de funcionamento dos estabelecimentos foi ampliado para at\u00e9 as 21 horas e a capacidade de lota\u00e7\u00e3o do espa\u00e7o tamb\u00e9m aumentou para 30%. As medidas come\u00e7aram a valer neste s\u00e1bado.<\/p>\n<p>S\u00e3o Paulo est\u00e1 desde 18 de abril na chamada &#8220;fase de transi\u00e7\u00e3o&#8221;, mais permissiva que a vermelha e com poucas restri\u00e7\u00f5es a mais do que a laranja. A nova flexibiliza\u00e7\u00e3o da &#8220;fase de transi\u00e7\u00e3o&#8221; tamb\u00e9m alterou o toque de recolher, que passou a valer das 21 \u00e0s 5 horas.<\/p>\n<p>&nbsp;<\/p>\n<p><strong>Fonte: Estad\u00e3o<\/strong><\/p>\n<p>&nbsp;<\/p>\n","protected":false},"excerpt":{"rendered":"<p>O Estado de S\u00e3o Paulo ultrapassou a marca de 100 mil mortes por covid-19 neste s\u00e1bado, 8. O registro ocorre em meio \u00e0 preocupa\u00e7\u00e3o de um novo recrudescimento da pandemia em todo o Pa\u00eds. Ao todo, s\u00e3o 100.649 \u00f3bitos e 2.997.282 casos confirmados de novo coronav\u00edrus no Estado, segundo a Secretaria Estadual da Sa\u00fade. Do &hellip;<\/p>\n","protected":false},"author":1,"featured_media":15447,"comment_status":"closed","ping_status":"closed","sticky":false,"template":"","format":"standard","meta":{"_jetpack_newsletter_access":"","_jetpack_dont_email_post_to_subs":false,"_jetpack_newsletter_tier_id":0,"_jetpack_memberships_contains_paywalled_content":false,"_jetpack_memberships_contains_paid_content":false,"footnotes":""},"categories":[1],"tags":[],"class_list":["post-15446","post","type-post","status-publish","format-standard","has-post-thumbnail","hentry","category-destaque"],"jetpack_sharing_enabled":true,"jetpack_featured_media_url":"","_links":{"self":[{"href":"https:\/\/www.oparanews.com.br\/index.php\/wp-json\/wp\/v2\/posts\/15446","targetHints":{"allow":["GET"]}}],"collection":[{"href":"https:\/\/www.oparanews.com.br\/index.php\/wp-json\/wp\/v2\/posts"}],"about":[{"href":"https:\/\/www.oparanews.com.br\/index.php\/wp-json\/wp\/v2\/types\/post"}],"author":[{"embeddable":true,"href":"https:\/\/www.oparanews.com.br\/index.php\/wp-json\/wp\/v2\/users\/1"}],"replies":[{"embeddable":true,"href":"https:\/\/www.oparanews.com.br\/index.php\/wp-json\/wp\/v2\/comments?post=15446"}],"version-history":[{"count":0,"href":"https:\/\/www.oparanews.com.br\/index.php\/wp-json\/wp\/v2\/posts\/15446\/revisions"}],"wp:attachment":[{"href":"https:\/\/www.oparanews.com.br\/index.php\/wp-json\/wp\/v2\/media?parent=15446"}],"wp:term":[{"taxonomy":"category","embeddable":true,"href":"https:\/\/www.oparanews.com.br\/index.php\/wp-json\/wp\/v2\/categories?post=15446"},{"taxonomy":"post_tag","embeddable":true,"href":"https:\/\/www.oparanews.com.br\/index.php\/wp-json\/wp\/v2\/tags?post=15446"}],"curies":[{"name":"wp","href":"https:\/\/api.w.org\/{rel}","templated":true}]}}