{"id":15452,"date":"2021-05-08T21:38:55","date_gmt":"2021-05-08T21:38:55","guid":{"rendered":"https:\/\/oparanews.com.br\/?p=15452"},"modified":"2021-05-08T21:38:55","modified_gmt":"2021-05-08T21:38:55","slug":"bahia-vence-ceara-e-e-campeao-da-copa-do-nordeste","status":"publish","type":"post","link":"https:\/\/www.oparanews.com.br\/index.php\/2021\/05\/08\/bahia-vence-ceara-e-e-campeao-da-copa-do-nordeste\/","title":{"rendered":"Bahia vence Cear\u00e1 e \u00e9 campe\u00e3o da Copa do Nordeste"},"content":{"rendered":"<p>O Bahia \u00e9 campe\u00e3o da Copa do Nordeste pela quarta vez! Foi com emo\u00e7\u00e3o! Depois de fazer 2 a 0 no tempo regulamentar (Rodriguinho e Gilberto marcaram os gols), viu Jael fazer o do Cear\u00e1 e levar o jogo para os p\u00eanaltis. Nas cobran\u00e7as, Conti converteu a \u00faltima e garantiu o t\u00edtulo para o Tricolor Baiano!<\/p>\n<p><strong>PRIMEIRO TEMPO<\/strong><\/p>\n<p>Os primeiros 45 minutos foram equilibrados no Castel\u00e3o. Os donos da casa at\u00e9 come\u00e7aram melhor, mas os visitantes colocaram fogo no fim do primeiro tempo, obrigando Richard a operar milagres em duas defesas cara a cara com Thaciano e outra num chute cruzado de Rodriguinho. O Cear\u00e1 teve presen\u00e7a constante no ataque com Vina, arriscou chutes de fora da \u00e1rea com Mendoza e apostou ainda na velocidade de Bruno Pacheco para tentar o gol.<\/p>\n<p><strong>SEGUNDO TEMPO<\/strong><\/p>\n<p>A segunda etapa come\u00e7ou mais burocr\u00e1tica. Enquanto o Cear\u00e1 ficou mais acuado na defesa, sem conseguir avan\u00e7ar, o Bahia foi crescendo, at\u00e9 que abriu o placar de p\u00eanalti, com Rodriguinho, ap\u00f3s an\u00e1lise do VAR num desvio da bola na m\u00e3o de Luiz Ot\u00e1vio dentro da \u00e1rea. E ficou melhor quando o contra-ataque do Bahia foi mortal. Rodriguinho para Gilberto, que chutou e fez o segundo. At\u00e9 que aos 38, Marlon cruzou na cabe\u00e7a de Jael, que fez o primeiro do Vov\u00f4 na decis\u00e3o. O resultado levou o jogo para os p\u00eanaltis.<\/p>\n<p><strong>FIM DA INVENCIBILIDADE DO VOZ\u00c3O<\/strong><\/p>\n<p>Com a vit\u00f3ria do Bahia no tempo regulamentar, caiu a invencibilidade do Cear\u00e1 que j\u00e1 durava 23 jogos na Copa do Nordeste.<\/p>\n<p>&nbsp;<\/p>\n<p><strong>Fonte: GE<\/strong><\/p>\n<p>&nbsp;<\/p>\n","protected":false},"excerpt":{"rendered":"<p>O Bahia \u00e9 campe\u00e3o da Copa do Nordeste pela quarta vez! Foi com emo\u00e7\u00e3o! Depois de fazer 2 a 0 no tempo regulamentar (Rodriguinho e Gilberto marcaram os gols), viu Jael fazer o do Cear\u00e1 e levar o jogo para os p\u00eanaltis. Nas cobran\u00e7as, Conti converteu a \u00faltima e garantiu o t\u00edtulo para o Tricolor &hellip;<\/p>\n","protected":false},"author":1,"featured_media":15453,"comment_status":"closed","ping_status":"closed","sticky":false,"template":"","format":"standard","meta":{"_jetpack_newsletter_access":"","_jetpack_dont_email_post_to_subs":false,"_jetpack_newsletter_tier_id":0,"_jetpack_memberships_contains_paywalled_content":false,"_jetpack_memberships_contains_paid_content":false,"footnotes":""},"categories":[1],"tags":[],"class_list":["post-15452","post","type-post","status-publish","format-standard","has-post-thumbnail","hentry","category-destaque"],"jetpack_sharing_enabled":true,"jetpack_featured_media_url":"","_links":{"self":[{"href":"https:\/\/www.oparanews.com.br\/index.php\/wp-json\/wp\/v2\/posts\/15452","targetHints":{"allow":["GET"]}}],"collection":[{"href":"https:\/\/www.oparanews.com.br\/index.php\/wp-json\/wp\/v2\/posts"}],"about":[{"href":"https:\/\/www.oparanews.com.br\/index.php\/wp-json\/wp\/v2\/types\/post"}],"author":[{"embeddable":true,"href":"https:\/\/www.oparanews.com.br\/index.php\/wp-json\/wp\/v2\/users\/1"}],"replies":[{"embeddable":true,"href":"https:\/\/www.oparanews.com.br\/index.php\/wp-json\/wp\/v2\/comments?post=15452"}],"version-history":[{"count":0,"href":"https:\/\/www.oparanews.com.br\/index.php\/wp-json\/wp\/v2\/posts\/15452\/revisions"}],"wp:attachment":[{"href":"https:\/\/www.oparanews.com.br\/index.php\/wp-json\/wp\/v2\/media?parent=15452"}],"wp:term":[{"taxonomy":"category","embeddable":true,"href":"https:\/\/www.oparanews.com.br\/index.php\/wp-json\/wp\/v2\/categories?post=15452"},{"taxonomy":"post_tag","embeddable":true,"href":"https:\/\/www.oparanews.com.br\/index.php\/wp-json\/wp\/v2\/tags?post=15452"}],"curies":[{"name":"wp","href":"https:\/\/api.w.org\/{rel}","templated":true}]}}