{"id":15455,"date":"2021-05-08T21:46:25","date_gmt":"2021-05-08T21:46:25","guid":{"rendered":"https:\/\/oparanews.com.br\/?p=15455"},"modified":"2021-05-08T21:46:25","modified_gmt":"2021-05-08T21:46:25","slug":"bolsonaro-defende-cloroquina-e-critica-cpi-um-vexame","status":"publish","type":"post","link":"https:\/\/www.oparanews.com.br\/index.php\/2021\/05\/08\/bolsonaro-defende-cloroquina-e-critica-cpi-um-vexame\/","title":{"rendered":"Bolsonaro defende cloroquina e critica CPI: &#8220;Um vexame&#8221;"},"content":{"rendered":"<p>O presidente Jair Bolsonaro voltou a criticar a Comiss\u00e3o Parlamentar de Inqu\u00e9rito (CPI) da Covid na manh\u00e3 deste s\u00e1bado, 8, e se referiu ao colegiado do Congresso como um &#8220;vexame&#8221;. A apoiadores, o presidente tamb\u00e9m defendeu o uso da cloroquina no tratamento contra o coronav\u00edrus e afirmou que ir\u00e1 fazer um v\u00eddeo nesta semana com seus ministros falando se tomaram ou n\u00e3o o medicamento, que n\u00e3o tem efic\u00e1cia comprovada contra a doen\u00e7a.<\/p>\n<p>&#8220;Continuo dizendo, s\u00f3 Deus me tira daquela cadeira. N\u00e3o vai ser&#8230; essa CPI t\u00e1 um vexame, s\u00f3 se fala em cloroquina. Mas, o cara que \u00e9 contra, n\u00e3o d\u00e1 alternativa. Tenho certeza que algu\u00e9m tomou hidroxicloroquina aqui. Algu\u00e9m tomou?&#8221;, perguntou a um grupo de apoiadores que estavam no Pal\u00e1cio da Alvorada nessa manh\u00e3. &#8220;A gente vai fazer um v\u00eddeo nesta semana, dos 22 ministros, todas aqueles que tomaram hidroxicloroquina v\u00e3o falar eu tomei. \u00c9 a alternativa no momento. Ah, n\u00e3o tem comprova\u00e7\u00e3o cient\u00edfica, mas n\u00e3o tem cientificamente falando o contr\u00e1rio tamb\u00e9m&#8221;, afirmou.<\/p>\n<p>Em sua primeira semana de trabalho, os depoimentos prestados \u00e0 CPI tiveram como foco o &#8220;tratamento precoce&#8221;, defendido por Jair Bolsonaro. Aos senadores, os ex-ministros Luiz Henrique Mandetta e Nelson Teich relataram a press\u00e3o do chefe do Executivo para que o Minist\u00e9rio da Sa\u00fade defendesse o tratamento. J\u00e1 o atual titular da pasta, Marcelo Queiroga, evitou se comprometer com a defesa p\u00fablica que o presidente faz da cloroquina.<\/p>\n<p>Nessa sexta-feira, 07, o presidente j\u00e1 havia se manifestado com cr\u00edticas ao colegiado. Em publica\u00e7\u00e3o nas redes sociais dirigida a senadores da CPI, Bolsonaro afirmou que os &#8220;inquisidores&#8221; que criticam o uso de medicamentos &#8220;n\u00e3o encham o saco de quem optou por uma linha diferente&#8221;.<\/p>\n<p>Na quinta-feira, 7, em transmiss\u00e3o semanal, Bolsonaro tamb\u00e9m reclamou que o colegiado &#8220;bateu muito&#8221; no ministro da Sa\u00fade. &#8220;Cloroquina, cloroquina, cloroquina, o tempo todo cloroquina. Ah, o presidente falou&#8230;&#8221;, analisou Bolsonaro. O chefe do Executivo ainda amea\u00e7ou usar a m\u00e1quina do governo federal para investigar o governador de Alagoas, Renan Filho (MDB), filho do senador Renan Calheiros (MDB-AL), relator da CPI da Covid, que tem se mostrado forte cr\u00edtico ao Planalto.<\/p>\n<p>Al\u00e9m das cr\u00edticas, o presidente afirmou que, apesar de o governo ter minoria de representantes na CPI do Senado, pretende apurar de casos na cidade de Manaus onde, segundo ele, pessoas receberam doses qu\u00e1druplas de cloroquina e vieram a \u00f3bito.<\/p>\n<p>&#8220;J\u00e1 temos os nomes das pessoas que participaram dessa experi\u00eancia e queremos explica\u00e7\u00f5es, qualquer rem\u00e9dio que derem em excesso faz mal&#8221;. Ele tamb\u00e9m voltou a repetir que ir\u00e1 tomar a vacina ap\u00f3s todos os brasileiros estarem imunizados e afirmou se tratar de um gesto de &#8220;altru\u00edsmo&#8221;.<\/p>\n<p>Em postagem no Twitter, ap\u00f3s a conversa com apoiadores nesta manh\u00e3, Bolsonaro afirmou que o Minist\u00e9rio da Sa\u00fade enviou nova remessa com 3,9 milh\u00f5es de doses da vacina AstraZeneca\/Oxford para todos os Estados e Distrito Federal. Segundo ele, a partir da pr\u00f3xima segunda-feira, 10, mais de 1,1 milh\u00e3o de doses do imunizante da Pfizer tamb\u00e9m come\u00e7ar\u00e3o a ser enviadas para as capitais brasileiras.<\/p>\n<p><strong>Elei\u00e7\u00f5es e STF<\/strong><\/p>\n<p>O chefe do Executivo tamb\u00e9m voltou a criticar governadores e prefeitos por medidas de isolamento e distanciamento social e afirmou que o Pa\u00eds sentiu efeitos da pandemia na economia. &#8220;Quem destruiu o emprego n\u00e3o fui eu. Foi o governador e prefeito que fecharam tudo, deixando bem claro isso a\u00ed&#8221;, afirmou. &#8220;Por mim, nada seria fechado, porque se n\u00e3o trabalhar, vai morrer de fome. Lamento as mortes, dificilmente algu\u00e9m n\u00e3o tem parente, amigo que n\u00e3o morreu de Covid, ou de suspeita de Covid, porque tudo \u00e9 suspeita de Covid&#8221;, disse.<\/p>\n<p>Durante a conversa, o presidente tamb\u00e9m citou as elei\u00e7\u00f5es presidenciais de 2022 e disse que a popula\u00e7\u00e3o &#8220;tem que se preocupar com pol\u00edtica&#8221;. O presidente ainda afirmou que deve indicar um representante &#8220;terrivelmente evang\u00e9lico&#8221; para o cargo de ministro do Supremo Tribunal Federal (STF). Ele ressaltou que a indica\u00e7\u00e3o precisa do aval do Senado.<\/p>\n<p>&#8220;Tem que se preocupar com pol\u00edtica. N\u00e3o pode votar com cora\u00e7\u00e3o. Todo mundo \u00e9 bonzinho ano que vem, vota com raz\u00e3o, estamos lutando pelo voto audit\u00e1vel, para afastar suspeita de fraude, para poder melhorar o Executivo, Legislativo e tamb\u00e9m o Judici\u00e1rio, porque quem indica vagas para o Supremo Tribunal Federal passa por mim. A palavra final n\u00e3o \u00e9 minha, \u00e9 do Senado, porque tem uma sabatina l\u00e1. Mas voc\u00ea j\u00e1 sabe que o de 5 de julho, 4 de julho, vai ser um terrivelmente evang\u00e9lico, j\u00e1 tem um cotado a\u00ed, por enquanto \u00e9 ele&#8221;, afirmou.<\/p>\n<p>&nbsp;<\/p>\n<p><strong>Fonte: Estad\u00e3o<\/strong><\/p>\n<p>&nbsp;<\/p>\n","protected":false},"excerpt":{"rendered":"<p>O presidente Jair Bolsonaro voltou a criticar a Comiss\u00e3o Parlamentar de Inqu\u00e9rito (CPI) da Covid na manh\u00e3 deste s\u00e1bado, 8, e se referiu ao colegiado do Congresso como um &#8220;vexame&#8221;. A apoiadores, o presidente tamb\u00e9m defendeu o uso da cloroquina no tratamento contra o coronav\u00edrus e afirmou que ir\u00e1 fazer um v\u00eddeo nesta semana com &hellip;<\/p>\n","protected":false},"author":1,"featured_media":15456,"comment_status":"closed","ping_status":"closed","sticky":false,"template":"","format":"standard","meta":{"_jetpack_newsletter_access":"","_jetpack_dont_email_post_to_subs":false,"_jetpack_newsletter_tier_id":0,"_jetpack_memberships_contains_paywalled_content":false,"_jetpack_memberships_contains_paid_content":false,"footnotes":""},"categories":[1],"tags":[],"class_list":["post-15455","post","type-post","status-publish","format-standard","has-post-thumbnail","hentry","category-destaque"],"jetpack_sharing_enabled":true,"jetpack_featured_media_url":"","_links":{"self":[{"href":"https:\/\/www.oparanews.com.br\/index.php\/wp-json\/wp\/v2\/posts\/15455","targetHints":{"allow":["GET"]}}],"collection":[{"href":"https:\/\/www.oparanews.com.br\/index.php\/wp-json\/wp\/v2\/posts"}],"about":[{"href":"https:\/\/www.oparanews.com.br\/index.php\/wp-json\/wp\/v2\/types\/post"}],"author":[{"embeddable":true,"href":"https:\/\/www.oparanews.com.br\/index.php\/wp-json\/wp\/v2\/users\/1"}],"replies":[{"embeddable":true,"href":"https:\/\/www.oparanews.com.br\/index.php\/wp-json\/wp\/v2\/comments?post=15455"}],"version-history":[{"count":0,"href":"https:\/\/www.oparanews.com.br\/index.php\/wp-json\/wp\/v2\/posts\/15455\/revisions"}],"wp:attachment":[{"href":"https:\/\/www.oparanews.com.br\/index.php\/wp-json\/wp\/v2\/media?parent=15455"}],"wp:term":[{"taxonomy":"category","embeddable":true,"href":"https:\/\/www.oparanews.com.br\/index.php\/wp-json\/wp\/v2\/categories?post=15455"},{"taxonomy":"post_tag","embeddable":true,"href":"https:\/\/www.oparanews.com.br\/index.php\/wp-json\/wp\/v2\/tags?post=15455"}],"curies":[{"name":"wp","href":"https:\/\/api.w.org\/{rel}","templated":true}]}}